{"id":821,"date":"2022-01-28T17:02:00","date_gmt":"2022-01-28T23:02:00","guid":{"rendered":"http:\/\/elcapitalino.vip\/?p=821"},"modified":"2022-01-28T13:05:52","modified_gmt":"2022-01-28T19:05:52","slug":"visita-gobierno-capitalino-a-la-escuela-primaria-petroleos-mexicanos","status":"publish","type":"post","link":"https:\/\/elcapitalino.vip\/?p=821","title":{"rendered":"Visita gobierno capitalino, a la Escuela Primaria \u00abPetr\u00f3leos Mexicanos\u00bb"},"content":{"rendered":"\n<p><strong>#CiudadDeM\u00e9xico<\/strong>.- En compa\u00f1\u00eda de Secretar\u00eda de Inclusi\u00f3n y Bienestar Social CDMX personal de SEDECO visit\u00f3 la Escuela Primaria \u00abPetr\u00f3leos Mexicanos\u00bb en Alcald\u00eda de Azcapotzalco. De igual manera, se realizaron asambleas del programa Mejor Escuela, impulsando la participaci\u00f3n entre autoridades, padres y madres de familia para lograr el Bienestar Educativo.<\/p>\n\n\n\n<div class=\"wp-block-image\"><figure class=\"aligncenter size-full is-resized\"><img loading=\"lazy\" decoding=\"async\" src=\"http:\/\/elcapitalino.vip\/wp-content\/uploads\/2022\/01\/secrec2.jpg\" alt=\"\" class=\"wp-image-822\" width=\"494\" height=\"335\"\/><\/figure><\/div>\n\n\n\n<p><strong>#ElCapitalinoVip<\/strong><\/p>\n","protected":false},"excerpt":{"rendered":"<p>#CiudadDeM\u00e9xico.- En compa\u00f1\u00eda de Secretar\u00eda de Inclusi\u00f3n y Bienestar Social CDMX personal de SEDECO visit\u00f3 la Escuela Primaria \u00abPetr\u00f3leos Mexicanos\u00bb<\/p>\n","protected":false},"author":4,"featured_media":0,"comment_status":"open","ping_status":"open","sticky":false,"template":"","format":"standard","meta":{"colormag_page_container_layout":"default_layout","colormag_page_sidebar_layout":"default_layout","rop_custom_images_group":[],"rop_custom_messages_group":[],"rop_publish_now":"initial","rop_publish_now_accounts":{"facebook_110999734738224_105959668530459":""},"rop_publish_now_history":[],"rop_publish_now_status":"pending","footnotes":""},"categories":[14],"tags":[20,19,29,23,21,26,97,25,24],"class_list":["post-821","post","type-post","status-publish","format-standard","hentry","category-secretarias","tag-ciudad-de-mexico","tag-claudia-sheinbaum","tag-el-capitalino-vip","tag-enterate","tag-gobierno-de-la-ciudad-de-mexico","tag-redes-sociales","tag-secretaria-de-seguridad-y-proteccion-ciudadana","tag-ultima-hora","tag-ultimas-noticias"],"_links":{"self":[{"href":"https:\/\/elcapitalino.vip\/index.php?rest_route=\/wp\/v2\/posts\/821","targetHints":{"allow":["GET"]}}],"collection":[{"href":"https:\/\/elcapitalino.vip\/index.php?rest_route=\/wp\/v2\/posts"}],"about":[{"href":"https:\/\/elcapitalino.vip\/index.php?rest_route=\/wp\/v2\/types\/post"}],"author":[{"embeddable":true,"href":"https:\/\/elcapitalino.vip\/index.php?rest_route=\/wp\/v2\/users\/4"}],"replies":[{"embeddable":true,"href":"https:\/\/elcapitalino.vip\/index.php?rest_route=%2Fwp%2Fv2%2Fcomments&post=821"}],"version-history":[{"count":1,"href":"https:\/\/elcapitalino.vip\/index.php?rest_route=\/wp\/v2\/posts\/821\/revisions"}],"predecessor-version":[{"id":824,"href":"https:\/\/elcapitalino.vip\/index.php?rest_route=\/wp\/v2\/posts\/821\/revisions\/824"}],"wp:attachment":[{"href":"https:\/\/elcapitalino.vip\/index.php?rest_route=%2Fwp%2Fv2%2Fmedia&parent=821"}],"wp:term":[{"taxonomy":"category","embeddable":true,"href":"https:\/\/elcapitalino.vip\/index.php?rest_route=%2Fwp%2Fv2%2Fcategories&post=821"},{"taxonomy":"post_tag","embeddable":true,"href":"https:\/\/elcapitalino.vip\/index.php?rest_route=%2Fwp%2Fv2%2Ftags&post=821"}],"curies":[{"name":"wp","href":"https:\/\/api.w.org\/{rel}","templated":true}]}}