{"id":771,"date":"2022-01-26T12:29:50","date_gmt":"2022-01-26T18:29:50","guid":{"rendered":"http:\/\/elcapitalino.vip\/?p=771"},"modified":"2022-01-26T12:29:50","modified_gmt":"2022-01-26T18:29:50","slug":"en-el-marco-del-dia-naranja-la-alcaldia-de-iztacalco-llevo-a-cabo-la-conferencia-que-es-la-violencia-laboral","status":"publish","type":"post","link":"https:\/\/elcapitalino.vip\/?p=771","title":{"rendered":"En el marco del D\u00eda Naranja, la alcald\u00eda de Iztacalco llev\u00f3 a cabo la conferencia: \u00bfQu\u00e9 es la Violencia Laboral?"},"content":{"rendered":"\n<p><strong>#Iztacalco<\/strong>, <strong>#CDMX<\/strong>.- En el marco del D\u00eda Naranja, d\u00eda contra la violencia, m\u00e1s de cien servidores (as) p\u00fablicos de la Alcald\u00eda Iztacalco se dieron cita en el Centro Cultural de las Artes para escuchar la Conferencia \u00bfQu\u00e9 es la Violencia Laboral? Impartida por la Abogada, Activista, Asesora Parlamentaria y Defensora de Derechos de las Mujeres, Ana Elena Contreras; quien magistralmente abord\u00f3 desde el conceptomismo de violencia laboral internacionalmente aceptado e instaurado por la Organizaci\u00f3n Internacional del Trabajo (OIT) hasta lo establecido en nuestro pa\u00eds por la Ley Federal del Trabajo, as\u00ed como lo que establece en su art\u00edculo 10 la Ley General de Acceso de las Mujeres a una vida libre de Violencia.<\/p>\n\n\n\n<div class=\"wp-block-image\"><figure class=\"aligncenter size-full is-resized\"><img loading=\"lazy\" decoding=\"async\" src=\"http:\/\/elcapitalino.vip\/wp-content\/uploads\/2022\/01\/iztac2-1.jpg\" alt=\"\" class=\"wp-image-772\" width=\"530\" height=\"354\"\/><\/figure><\/div>\n\n\n\n<p><strong>#ElCapitalinoVip<\/strong><\/p>\n","protected":false},"excerpt":{"rendered":"<p>#Iztacalco, #CDMX.- En el marco del D\u00eda Naranja, d\u00eda contra la violencia, m\u00e1s de cien servidores (as) p\u00fablicos de la<\/p>\n","protected":false},"author":4,"featured_media":0,"comment_status":"open","ping_status":"open","sticky":false,"template":"","format":"standard","meta":{"colormag_page_container_layout":"default_layout","colormag_page_sidebar_layout":"default_layout","rop_custom_images_group":[],"rop_custom_messages_group":[],"rop_publish_now":"initial","rop_publish_now_accounts":{"facebook_110999734738224_105959668530459":""},"rop_publish_now_history":[],"rop_publish_now_status":"pending","footnotes":""},"categories":[10],"tags":[91,52,20,19,29,23,21,26,25,24],"class_list":["post-771","post","type-post","status-publish","format-standard","hentry","category-alcaldias","tag-alcaldia-iztacalco","tag-armando-quintero-martinez","tag-ciudad-de-mexico","tag-claudia-sheinbaum","tag-el-capitalino-vip","tag-enterate","tag-gobierno-de-la-ciudad-de-mexico","tag-redes-sociales","tag-ultima-hora","tag-ultimas-noticias"],"_links":{"self":[{"href":"https:\/\/elcapitalino.vip\/index.php?rest_route=\/wp\/v2\/posts\/771","targetHints":{"allow":["GET"]}}],"collection":[{"href":"https:\/\/elcapitalino.vip\/index.php?rest_route=\/wp\/v2\/posts"}],"about":[{"href":"https:\/\/elcapitalino.vip\/index.php?rest_route=\/wp\/v2\/types\/post"}],"author":[{"embeddable":true,"href":"https:\/\/elcapitalino.vip\/index.php?rest_route=\/wp\/v2\/users\/4"}],"replies":[{"embeddable":true,"href":"https:\/\/elcapitalino.vip\/index.php?rest_route=%2Fwp%2Fv2%2Fcomments&post=771"}],"version-history":[{"count":1,"href":"https:\/\/elcapitalino.vip\/index.php?rest_route=\/wp\/v2\/posts\/771\/revisions"}],"predecessor-version":[{"id":774,"href":"https:\/\/elcapitalino.vip\/index.php?rest_route=\/wp\/v2\/posts\/771\/revisions\/774"}],"wp:attachment":[{"href":"https:\/\/elcapitalino.vip\/index.php?rest_route=%2Fwp%2Fv2%2Fmedia&parent=771"}],"wp:term":[{"taxonomy":"category","embeddable":true,"href":"https:\/\/elcapitalino.vip\/index.php?rest_route=%2Fwp%2Fv2%2Fcategories&post=771"},{"taxonomy":"post_tag","embeddable":true,"href":"https:\/\/elcapitalino.vip\/index.php?rest_route=%2Fwp%2Fv2%2Ftags&post=771"}],"curies":[{"name":"wp","href":"https:\/\/api.w.org\/{rel}","templated":true}]}}