{"id":7593,"date":"2025-08-11T13:49:00","date_gmt":"2025-08-11T19:49:00","guid":{"rendered":"https:\/\/elcapitalino.vip\/?p=7593"},"modified":"2025-08-11T13:49:00","modified_gmt":"2025-08-11T19:49:00","slug":"en-octubre-comienzan-consultas-foros-y-mesas-de-discusion-sobre-reforma-electoral-claudiashein-gobiernomx","status":"publish","type":"post","link":"https:\/\/elcapitalino.vip\/?p=7593","title":{"rendered":"En octubre comienzan consultas, foros y mesas de discusi\u00f3n sobre Reforma Electoral \/ @Claudiashein @GobiernoMX >>>"},"content":{"rendered":"\n<p><strong>#GobiernoFederal<\/strong>,&nbsp;<strong>#M\u00e9xico<\/strong>.- El Gobierno de M\u00e9xico, a trav\u00e9s de la Comisi\u00f3n Presidencial para la Reforma Electoral, inform\u00f3 que, en&nbsp;<strong>octubre<\/strong>, iniciar\u00e1n las consultas, foros y mesas de discusi\u00f3n, que se realizar\u00e1n de manera amplia e incluyente, para conocer la opini\u00f3n de las mexicanas y los mexicanos y con ello elaborar una propuesta de&nbsp;<strong>Reforma Electoral<\/strong>.<\/p>\n\n\n\n<p>La Presidenta, Claudia Sheinbaum Pardo, destac\u00f3 que se busca la mayor participaci\u00f3n posible en las consultas, foros y mesas de discusi\u00f3n de la<strong>&nbsp;Reforma Electoral<\/strong>, por ello se escuchar\u00e1 a organizaciones sociales y civiles, partidos pol\u00edticos, comunidades ind\u00edgenas, centros de educaci\u00f3n e investigaci\u00f3n, legisladores, consejeros del Instituto Nacional Electoral (INE) en su car\u00e1cter de ciudadanos y en general, al pueblo de M\u00e9xico.<\/p>\n\n\n\n<p>\u201cEst\u00e1 abierta a que participen todos aquellos que deseen poner sus ideas sobre la mesa. Y, a partir de ah\u00ed, se va a hacer una propuesta que tenga que ver con los puntos que son muchos: desde el financiamiento a los partidos pol\u00edticos, el propio r\u00e9gimen de partidos; el voto popular, si es electr\u00f3nico o no, por ejemplo, si ya podemos avanzar al voto electr\u00f3nico, es uno de los temas; el financiamiento de los partidos, la cantidad de recursos que se utilizan para las campa\u00f1as y para la elecci\u00f3n, la representaci\u00f3n del pueblo en la C\u00e1mara de Diputados, en la C\u00e1mara de Senadores, la representaci\u00f3n proporcional. Todo est\u00e1 a discusi\u00f3n\u201d, puntualiz\u00f3 en la conferencia matutina: \u201cLas ma\u00f1aneras del pueblo\u201d.<\/p>\n\n\n\n<p><strong>#ElMexiquenseVIP<\/strong>&nbsp;\u2013<a href=\"https:\/\/www.facebook.com\/ElMexiquenseVIP\/\"><strong>El Mexiquense VIP<\/strong><\/a><\/p>\n\n\n\n<figure class=\"wp-block-image aligncenter size-full\"><img decoding=\"async\" src=\"https:\/\/elmexiquense.vip\/wp-content\/uploads\/2025\/08\/clau-4.jpeg\" alt=\"\" class=\"wp-image-38964\"\/><\/figure>\n","protected":false},"excerpt":{"rendered":"<p>#GobiernoFederal,&nbsp;#M\u00e9xico.- El Gobierno de M\u00e9xico, a trav\u00e9s de la Comisi\u00f3n Presidencial para la Reforma Electoral, inform\u00f3 que, en&nbsp;octubre, iniciar\u00e1n las<\/p>\n","protected":false},"author":4,"featured_media":7594,"comment_status":"open","ping_status":"open","sticky":false,"template":"","format":"standard","meta":{"colormag_page_container_layout":"default_layout","colormag_page_sidebar_layout":"default_layout","rop_custom_images_group":[],"rop_custom_messages_group":[],"rop_publish_now":"no","rop_publish_now_accounts":{"facebook_110999734738224_105959668530459":""},"rop_publish_now_history":[{"account":"facebook_110999734738224_105959668530459","service":"facebook","timestamp":1754941766,"status":"success"}],"rop_publish_now_status":"done","footnotes":""},"categories":[13],"tags":[22,80,20,34,19,29,23,21,26,25,24],"class_list":["post-7593","post","type-post","status-publish","format-standard","has-post-thumbnail","hentry","category-principales","tag-amlo","tag-cdmx","tag-ciudad-de-mexico","tag-clara-brugada-molina","tag-claudia-sheinbaum","tag-el-capitalino-vip","tag-enterate","tag-gobierno-de-la-ciudad-de-mexico","tag-redes-sociales","tag-ultima-hora","tag-ultimas-noticias"],"_links":{"self":[{"href":"https:\/\/elcapitalino.vip\/index.php?rest_route=\/wp\/v2\/posts\/7593","targetHints":{"allow":["GET"]}}],"collection":[{"href":"https:\/\/elcapitalino.vip\/index.php?rest_route=\/wp\/v2\/posts"}],"about":[{"href":"https:\/\/elcapitalino.vip\/index.php?rest_route=\/wp\/v2\/types\/post"}],"author":[{"embeddable":true,"href":"https:\/\/elcapitalino.vip\/index.php?rest_route=\/wp\/v2\/users\/4"}],"replies":[{"embeddable":true,"href":"https:\/\/elcapitalino.vip\/index.php?rest_route=%2Fwp%2Fv2%2Fcomments&post=7593"}],"version-history":[{"count":1,"href":"https:\/\/elcapitalino.vip\/index.php?rest_route=\/wp\/v2\/posts\/7593\/revisions"}],"predecessor-version":[{"id":7595,"href":"https:\/\/elcapitalino.vip\/index.php?rest_route=\/wp\/v2\/posts\/7593\/revisions\/7595"}],"wp:featuredmedia":[{"embeddable":true,"href":"https:\/\/elcapitalino.vip\/index.php?rest_route=\/wp\/v2\/media\/7594"}],"wp:attachment":[{"href":"https:\/\/elcapitalino.vip\/index.php?rest_route=%2Fwp%2Fv2%2Fmedia&parent=7593"}],"wp:term":[{"taxonomy":"category","embeddable":true,"href":"https:\/\/elcapitalino.vip\/index.php?rest_route=%2Fwp%2Fv2%2Fcategories&post=7593"},{"taxonomy":"post_tag","embeddable":true,"href":"https:\/\/elcapitalino.vip\/index.php?rest_route=%2Fwp%2Fv2%2Ftags&post=7593"}],"curies":[{"name":"wp","href":"https:\/\/api.w.org\/{rel}","templated":true}]}}