{"id":7483,"date":"2025-03-24T13:15:10","date_gmt":"2025-03-24T19:15:10","guid":{"rendered":"https:\/\/elcapitalino.vip\/?p=7483"},"modified":"2025-03-24T13:15:11","modified_gmt":"2025-03-24T19:15:11","slug":"promueve-ayuntamiento-de-xalapa-el-cuidado-del-agua-realizan-el-evento-aguas-con-el-agua-aytoxalapa","status":"publish","type":"post","link":"https:\/\/elcapitalino.vip\/?p=7483","title":{"rendered":"Promueve Ayuntamiento de Xalapa el cuidado del agua; realizan el evento: \u201c\u00a1Aguas con el agua!\u201d \/ @AytoXalapa >>>"},"content":{"rendered":"\n<p><strong>#Xalapa, #Ver<\/strong>.- Con el objetivo sensibilizar a la poblaci\u00f3n sobre la importancia del cuidado y la conservaci\u00f3n del agua en el municipio, el Ayuntamiento de Xalapa, la Comisi\u00f3n Municipal de Agua Potable y Saneamiento (CMAS) y el Consejo de Planeaci\u00f3n para el Desarrollo Municipal (Coplademun), llevaron a cabo el evento: \u201c\u00a1Aguas con el agua!\u201d.<\/p>\n\n\n\n<p>Durante el acto realizado en el Foro \u201cMiguel V\u00e9lez Arceo\u201d de la Casa del Lago UV, la regidora Martha Valentina Dom\u00ednguez V\u00e1squez resalt\u00f3 la necesidad de actuar frente a la crisis h\u00eddrica que enfrentamos, impulsando un cambio hacia una cultura de responsabilidad y respeto por los recursos naturales.<\/p>\n\n\n\n<p>Durante la jornada que se efectu\u00f3 en el marco de la conmemoraci\u00f3n del D\u00eda Mundial del Agua y la declaratoria de 2025 como A\u00f1o Internacional de la Conservaci\u00f3n de los Glaciares, se realizaron diversas conferencias y pl\u00e1ticas de sensibilizaci\u00f3n sobre tem\u00e1ticas clave con relaci\u00f3n al uso adecuado del agua y el impacto de nuestras acciones en los ecosistemas acu\u00e1ticos.<\/p>\n\n\n\n<p>Destacaron: \u201cSoluciones basadas en la naturaleza para el saneamiento de r\u00edos y lagos\u201d; \u201cPrevenci\u00f3n del dengue\u201d, \u201cRescate de r\u00edos y otros cuerpos de agua\u201d, y \u201cAcuaMental: Sonidos para el bienestar\u201d.<\/p>\n\n\n\n<p>Adem\u00e1s, el evento incluy\u00f3 una premiaci\u00f3n al mejor dibujo sobre el cuidado del agua, con lo que se reconoci\u00f3 la creatividad y el compromiso con la preservaci\u00f3n de este recurso. Esta actividad fue organizada por los integrantes del Coplademun.<\/p>\n\n\n\n<p>Tambi\u00e9n se instalaron 13 stands de diferentes instituciones y organizaciones, en los que se abordaron importantes temas.<\/p>\n\n\n\n<p>A trav\u00e9s de estas actividades, el Gobierno Municipal refuerza su compromiso con la sostenibilidad y la participaci\u00f3n activa de la comunidad en la conservaci\u00f3n de los recursos naturales, contribuyendo a un futuro m\u00e1s saludable y equitativo para todos.<\/p>\n\n\n\n<p>Asistieron la directora general de la CMAS, Ana Iris Ruiz G\u00f3mez; la directora de Juventud, Gelsey Yareni Varela Castillo; los directores de Turismo, Josu\u00e9 V\u00e1squez Gonz\u00e1lez; Protecci\u00f3n Civil, Enrique Fonseca Mart\u00ednez, y funcionariado municipal.<\/p>\n\n\n\n<p><strong>#ElCapitalinoVIP<\/strong> &#8211;<a href=\"https:\/\/www.facebook.com\/ElCapitalinoVIP\/\"><strong>El Capitalino VIP<\/strong><\/a><\/p>\n","protected":false},"excerpt":{"rendered":"<p>#Xalapa, #Ver.- Con el objetivo sensibilizar a la poblaci\u00f3n sobre la importancia del cuidado y la conservaci\u00f3n del agua en<\/p>\n","protected":false},"author":4,"featured_media":7484,"comment_status":"open","ping_status":"open","sticky":false,"template":"","format":"standard","meta":{"colormag_page_container_layout":"default_layout","colormag_page_sidebar_layout":"default_layout","rop_custom_images_group":[],"rop_custom_messages_group":[],"rop_publish_now":"yes","rop_publish_now_accounts":{"facebook_110999734738224_105959668530459":""},"rop_publish_now_history":[],"rop_publish_now_status":"pending","footnotes":""},"categories":[12],"tags":[20,29,23,26,25,24,132],"class_list":["post-7483","post","type-post","status-publish","format-standard","has-post-thumbnail","hentry","category-municipios-en-mexico","tag-ciudad-de-mexico","tag-el-capitalino-vip","tag-enterate","tag-redes-sociales","tag-ultima-hora","tag-ultimas-noticias","tag-xalapa"],"_links":{"self":[{"href":"https:\/\/elcapitalino.vip\/index.php?rest_route=\/wp\/v2\/posts\/7483","targetHints":{"allow":["GET"]}}],"collection":[{"href":"https:\/\/elcapitalino.vip\/index.php?rest_route=\/wp\/v2\/posts"}],"about":[{"href":"https:\/\/elcapitalino.vip\/index.php?rest_route=\/wp\/v2\/types\/post"}],"author":[{"embeddable":true,"href":"https:\/\/elcapitalino.vip\/index.php?rest_route=\/wp\/v2\/users\/4"}],"replies":[{"embeddable":true,"href":"https:\/\/elcapitalino.vip\/index.php?rest_route=%2Fwp%2Fv2%2Fcomments&post=7483"}],"version-history":[{"count":1,"href":"https:\/\/elcapitalino.vip\/index.php?rest_route=\/wp\/v2\/posts\/7483\/revisions"}],"predecessor-version":[{"id":7485,"href":"https:\/\/elcapitalino.vip\/index.php?rest_route=\/wp\/v2\/posts\/7483\/revisions\/7485"}],"wp:featuredmedia":[{"embeddable":true,"href":"https:\/\/elcapitalino.vip\/index.php?rest_route=\/wp\/v2\/media\/7484"}],"wp:attachment":[{"href":"https:\/\/elcapitalino.vip\/index.php?rest_route=%2Fwp%2Fv2%2Fmedia&parent=7483"}],"wp:term":[{"taxonomy":"category","embeddable":true,"href":"https:\/\/elcapitalino.vip\/index.php?rest_route=%2Fwp%2Fv2%2Fcategories&post=7483"},{"taxonomy":"post_tag","embeddable":true,"href":"https:\/\/elcapitalino.vip\/index.php?rest_route=%2Fwp%2Fv2%2Ftags&post=7483"}],"curies":[{"name":"wp","href":"https:\/\/api.w.org\/{rel}","templated":true}]}}