{"id":7448,"date":"2025-03-17T14:23:19","date_gmt":"2025-03-17T20:23:19","guid":{"rendered":"https:\/\/elcapitalino.vip\/?p=7448"},"modified":"2025-03-17T14:23:19","modified_gmt":"2025-03-17T20:23:19","slug":"se-activa-alerta-amarilla-por-pronostico-de-temperaturas-bajas-170325-gobcdmx","status":"publish","type":"post","link":"https:\/\/elcapitalino.vip\/?p=7448","title":{"rendered":"Se activa alerta amarilla por pron\u00f3stico de temperaturas bajas 170325 \/ @GobCDMX >>>"},"content":{"rendered":"\n<p><strong>#CDMX<\/strong>.- La Secretar\u00eda de Gesti\u00f3n Integral de Riesgos y Protecci\u00f3n Civil informa que, se activa Alerta Amarilla por pron\u00f3stico de temperaturas bajas, para el amanecer de ma\u00f1ana en las demarcaciones: Milpa Alta, Tlalpan y Xochimilco.<\/p>\n\n\n\n<p>Se prev\u00e9n temperaturas de entre 4 y 6 grados Celsius entre las 04:00 y las 08:00 horas del martes 18 de marzo de 2025.<\/p>\n\n\n\n<p>Por ello se recomienda a la poblaci\u00f3n usar al menos tres capas de ropa, de preferencia de algod\u00f3n o lana; utilizar crema para proteger e hidratar la piel contra el fr\u00edo; evitar exponerse a cambios bruscos de temperatura; ingerir abundante agua; consumir frutas y verduras ricas en vitaminas A y C.<\/p>\n\n\n\n<p>Adem\u00e1s, lavarse las manos con frecuencia o usar gel antibacterial; en caso de presentar alg\u00fan malestar, acudir al centro de salud m\u00e1s cercano. Si usas calentadores y\/o chimeneas, mantener una ventilaci\u00f3n adecuada.<\/p>\n\n\n\n<p>Ante cualquier emergencia, comunicarse a los tel\u00e9fonos 911, al 5658 1111 de Locatel, y al 555683 2222 de la SGIRPC.<\/p>\n\n\n\n<p>Mantente informado a trav\u00e9s de nuestras cuentas oficiales de redes sociales; X (antes Twitter) @SGIRPC_CDMX y Facebook @SGIRPCCDMX; vis\u00edtanos tambi\u00e9n en nuestro sitio web en www.proteccioncivil.cdmx.gob.mx.<\/p>\n\n\n\n<p><strong>#ElCapitalinoVIP<\/strong> &#8211; <a href=\"https:\/\/www.facebook.com\/ElCapitalinoVIP\/\"><strong>El Capitalino VIP<\/strong><\/a><\/p>\n","protected":false},"excerpt":{"rendered":"<p>#CDMX.- La Secretar\u00eda de Gesti\u00f3n Integral de Riesgos y Protecci\u00f3n Civil informa que, se activa Alerta Amarilla por pron\u00f3stico de<\/p>\n","protected":false},"author":4,"featured_media":7449,"comment_status":"open","ping_status":"open","sticky":false,"template":"","format":"standard","meta":{"colormag_page_container_layout":"default_layout","colormag_page_sidebar_layout":"default_layout","rop_custom_images_group":[],"rop_custom_messages_group":[],"rop_publish_now":"yes","rop_publish_now_accounts":{"facebook_110999734738224_105959668530459":""},"rop_publish_now_history":[],"rop_publish_now_status":"pending","footnotes":""},"categories":[14],"tags":[20,29,23,26,25,24],"class_list":["post-7448","post","type-post","status-publish","format-standard","has-post-thumbnail","hentry","category-secretarias","tag-ciudad-de-mexico","tag-el-capitalino-vip","tag-enterate","tag-redes-sociales","tag-ultima-hora","tag-ultimas-noticias"],"_links":{"self":[{"href":"https:\/\/elcapitalino.vip\/index.php?rest_route=\/wp\/v2\/posts\/7448","targetHints":{"allow":["GET"]}}],"collection":[{"href":"https:\/\/elcapitalino.vip\/index.php?rest_route=\/wp\/v2\/posts"}],"about":[{"href":"https:\/\/elcapitalino.vip\/index.php?rest_route=\/wp\/v2\/types\/post"}],"author":[{"embeddable":true,"href":"https:\/\/elcapitalino.vip\/index.php?rest_route=\/wp\/v2\/users\/4"}],"replies":[{"embeddable":true,"href":"https:\/\/elcapitalino.vip\/index.php?rest_route=%2Fwp%2Fv2%2Fcomments&post=7448"}],"version-history":[{"count":1,"href":"https:\/\/elcapitalino.vip\/index.php?rest_route=\/wp\/v2\/posts\/7448\/revisions"}],"predecessor-version":[{"id":7450,"href":"https:\/\/elcapitalino.vip\/index.php?rest_route=\/wp\/v2\/posts\/7448\/revisions\/7450"}],"wp:featuredmedia":[{"embeddable":true,"href":"https:\/\/elcapitalino.vip\/index.php?rest_route=\/wp\/v2\/media\/7449"}],"wp:attachment":[{"href":"https:\/\/elcapitalino.vip\/index.php?rest_route=%2Fwp%2Fv2%2Fmedia&parent=7448"}],"wp:term":[{"taxonomy":"category","embeddable":true,"href":"https:\/\/elcapitalino.vip\/index.php?rest_route=%2Fwp%2Fv2%2Fcategories&post=7448"},{"taxonomy":"post_tag","embeddable":true,"href":"https:\/\/elcapitalino.vip\/index.php?rest_route=%2Fwp%2Fv2%2Ftags&post=7448"}],"curies":[{"name":"wp","href":"https:\/\/api.w.org\/{rel}","templated":true}]}}