{"id":744,"date":"2022-01-25T20:33:35","date_gmt":"2022-01-26T02:33:35","guid":{"rendered":"http:\/\/elcapitalino.vip\/?p=744"},"modified":"2022-01-25T20:33:36","modified_gmt":"2022-01-26T02:33:36","slug":"instala-alcaldia-de-coyoacan-primer-consejo-de-prevencion-social-del-delito-y-la-violencia","status":"publish","type":"post","link":"https:\/\/elcapitalino.vip\/?p=744","title":{"rendered":"Instala alcald\u00eda de Coyoac\u00e1n, primer Consejo de Prevenci\u00f3n Social del Delito y la Violencia"},"content":{"rendered":"\n<p><strong>#Coyoac\u00e1n<\/strong>, <strong>#CDMX<\/strong>.- El alcalde de Coyoac\u00e1n, Giovani Guti\u00e9rrez presidio la instalaci\u00f3n del Consejo de Prevenci\u00f3n Social del Delito y la Violencia, a trav\u00e9s del cual se crearan estrategias integrales para mantener baja la incidencia delictiva en la alcald\u00eda.<\/p>\n\n\n\n<p>\u00abEstamos comprometidos al 100% para que Coyoac\u00e1n se convierta en la alcald\u00eda m\u00e1s segura de la CDMX\u00bb. Manifest\u00f3 el alcalde<\/p>\n\n\n\n<p><strong>#ElCapitalinoVip<\/strong><\/p>\n","protected":false},"excerpt":{"rendered":"<p>#Coyoac\u00e1n, #CDMX.- El alcalde de Coyoac\u00e1n, Giovani Guti\u00e9rrez presidio la instalaci\u00f3n del Consejo de Prevenci\u00f3n Social del Delito y la<\/p>\n","protected":false},"author":4,"featured_media":0,"comment_status":"open","ping_status":"open","sticky":false,"template":"","format":"standard","meta":{"colormag_page_container_layout":"default_layout","colormag_page_sidebar_layout":"default_layout","rop_custom_images_group":[],"rop_custom_messages_group":[],"rop_publish_now":"initial","rop_publish_now_accounts":{"facebook_110999734738224_105959668530459":""},"rop_publish_now_history":[],"rop_publish_now_status":"pending","footnotes":""},"categories":[10],"tags":[22,20,19,29,23,21,26,25,24],"class_list":["post-744","post","type-post","status-publish","format-standard","hentry","category-alcaldias","tag-amlo","tag-ciudad-de-mexico","tag-claudia-sheinbaum","tag-el-capitalino-vip","tag-enterate","tag-gobierno-de-la-ciudad-de-mexico","tag-redes-sociales","tag-ultima-hora","tag-ultimas-noticias"],"_links":{"self":[{"href":"https:\/\/elcapitalino.vip\/index.php?rest_route=\/wp\/v2\/posts\/744","targetHints":{"allow":["GET"]}}],"collection":[{"href":"https:\/\/elcapitalino.vip\/index.php?rest_route=\/wp\/v2\/posts"}],"about":[{"href":"https:\/\/elcapitalino.vip\/index.php?rest_route=\/wp\/v2\/types\/post"}],"author":[{"embeddable":true,"href":"https:\/\/elcapitalino.vip\/index.php?rest_route=\/wp\/v2\/users\/4"}],"replies":[{"embeddable":true,"href":"https:\/\/elcapitalino.vip\/index.php?rest_route=%2Fwp%2Fv2%2Fcomments&post=744"}],"version-history":[{"count":1,"href":"https:\/\/elcapitalino.vip\/index.php?rest_route=\/wp\/v2\/posts\/744\/revisions"}],"predecessor-version":[{"id":746,"href":"https:\/\/elcapitalino.vip\/index.php?rest_route=\/wp\/v2\/posts\/744\/revisions\/746"}],"wp:attachment":[{"href":"https:\/\/elcapitalino.vip\/index.php?rest_route=%2Fwp%2Fv2%2Fmedia&parent=744"}],"wp:term":[{"taxonomy":"category","embeddable":true,"href":"https:\/\/elcapitalino.vip\/index.php?rest_route=%2Fwp%2Fv2%2Fcategories&post=744"},{"taxonomy":"post_tag","embeddable":true,"href":"https:\/\/elcapitalino.vip\/index.php?rest_route=%2Fwp%2Fv2%2Ftags&post=744"}],"curies":[{"name":"wp","href":"https:\/\/api.w.org\/{rel}","templated":true}]}}