{"id":7376,"date":"2025-02-24T19:35:22","date_gmt":"2025-02-25T01:35:22","guid":{"rendered":"https:\/\/elcapitalino.vip\/?p=7376"},"modified":"2025-02-24T19:35:23","modified_gmt":"2025-02-25T01:35:23","slug":"conmemora-sedema-y-la-uam-iztapalapa-el-dia-mundial-de-la-vida-silvestre-gobcdmx","status":"publish","type":"post","link":"https:\/\/elcapitalino.vip\/?p=7376","title":{"rendered":"Conmemora SEDEMA y la UAM-Iztapalapa el D\u00eda Mundial de la Vida Silvestre \/ @GobCDMX >>>"},"content":{"rendered":"\n<p><strong>#CDMX<\/strong>.- La Secretar\u00eda del Medio Ambiente (SEDEMA) y la Universidad Aut\u00f3noma Metropolitana &#8211; Unidad Iztapalapa (UAM Iztapalapa), llevar\u00e1n a cabo el 5 de marzo del presente a\u00f1o, el \u201cFestival de la Vida Silvestre\u201d con el objetivo de conmemorar el D\u00eda Mundial de la Vida Silvestre y as\u00ed fomentar la participaci\u00f3n de la comunidad estudiantil y acad\u00e9mica en proyectos de conservaci\u00f3n a trav\u00e9s de investigaciones, servicio social y voluntariado.<\/p>\n\n\n\n<p>El Festival se realizar\u00e1 en instalaciones de la UAM Iztapalapa en un horario de 11 a 15 horas, donde la comunidad podr\u00e1 conocer a trav\u00e9s de m\u00f3dulos interactivos con talleres, charlas y exposiciones, \u00c1reas Naturales Protegidas como Bosque de Tlalpan, Cerro de la Estrella, Desierto de los Leones, La Loma, Sierra de Guadalupe, Sierra de Santa Catarina; y \u00c1reas de Valor Ambiental como Barranca Tarango, Bosque de San Juan de Arag\u00f3n, Bosque de Chapultepec y m\u00e1s sitios que son refugio de fauna silvestre en la Ciudad de M\u00e9xico.<\/p>\n\n\n\n<p>Esta actividad forma parte de las estrategias de vinculaci\u00f3n entre la SEDEMA a trav\u00e9s de la Direcci\u00f3n General del Sistema de \u00c1reas Naturales Protegidas y \u00c1reas de Valor Ambiental (DGSANPAVA), y la UAM Iztapalapa mediante la Coordinaci\u00f3n de Vinculaci\u00f3n Acad\u00e9mica y Social (COVIAS) y la Divisi\u00f3n Acad\u00e9mica de Ciencias Biol\u00f3gicas y de la Salud.<\/p>\n\n\n\n<p>Este esfuerzo de colaboraci\u00f3n comenz\u00f3 en 2024 con una serie de recorridos guiados, la promoci\u00f3n de servicio social y voluntariado, la visita de m\u00f3dulos informativos de las \u00c1reas Naturales Protegidas a la referida sede acad\u00e9mica y la realizaci\u00f3n del Primer Encuentro de Saberes y Experiencias del \u00c1rea Natural Protegida Sierra de Santa Catarina.<\/p>\n\n\n\n<p>Actualmente, el \u00c1rea Natural Protegida Cerro de la Estrella y la UAM Iztapalapa trabajan en conjunto para efectuar un Proyecto Integral de Agua, Naturaleza y Conectividad, con el objetivo de fortalecer las actividades de conservaci\u00f3n ya realizadas como el monitoreo de la biodiversidad, el sistema de aprovechamiento de agua y la conectividad de la zona para mejorar la respuesta ante incendios forestales.<\/p>\n\n\n\n<p><strong>#ElCapitalinoVIP<\/strong> &#8211; <a href=\"https:\/\/www.facebook.com\/ElCapitalinoVIP\/\"><strong>El Capitalino VIP<\/strong><\/a><\/p>\n","protected":false},"excerpt":{"rendered":"<p>#CDMX.- La Secretar\u00eda del Medio Ambiente (SEDEMA) y la Universidad Aut\u00f3noma Metropolitana &#8211; Unidad Iztapalapa (UAM Iztapalapa), llevar\u00e1n a cabo<\/p>\n","protected":false},"author":4,"featured_media":7377,"comment_status":"open","ping_status":"open","sticky":false,"template":"","format":"standard","meta":{"colormag_page_container_layout":"default_layout","colormag_page_sidebar_layout":"default_layout","rop_custom_images_group":[],"rop_custom_messages_group":[],"rop_publish_now":"yes","rop_publish_now_accounts":{"facebook_110999734738224_105959668530459":""},"rop_publish_now_history":[],"rop_publish_now_status":"pending","footnotes":""},"categories":[14],"tags":[20,29,23,26,25,24],"class_list":["post-7376","post","type-post","status-publish","format-standard","has-post-thumbnail","hentry","category-secretarias","tag-ciudad-de-mexico","tag-el-capitalino-vip","tag-enterate","tag-redes-sociales","tag-ultima-hora","tag-ultimas-noticias"],"_links":{"self":[{"href":"https:\/\/elcapitalino.vip\/index.php?rest_route=\/wp\/v2\/posts\/7376","targetHints":{"allow":["GET"]}}],"collection":[{"href":"https:\/\/elcapitalino.vip\/index.php?rest_route=\/wp\/v2\/posts"}],"about":[{"href":"https:\/\/elcapitalino.vip\/index.php?rest_route=\/wp\/v2\/types\/post"}],"author":[{"embeddable":true,"href":"https:\/\/elcapitalino.vip\/index.php?rest_route=\/wp\/v2\/users\/4"}],"replies":[{"embeddable":true,"href":"https:\/\/elcapitalino.vip\/index.php?rest_route=%2Fwp%2Fv2%2Fcomments&post=7376"}],"version-history":[{"count":1,"href":"https:\/\/elcapitalino.vip\/index.php?rest_route=\/wp\/v2\/posts\/7376\/revisions"}],"predecessor-version":[{"id":7378,"href":"https:\/\/elcapitalino.vip\/index.php?rest_route=\/wp\/v2\/posts\/7376\/revisions\/7378"}],"wp:featuredmedia":[{"embeddable":true,"href":"https:\/\/elcapitalino.vip\/index.php?rest_route=\/wp\/v2\/media\/7377"}],"wp:attachment":[{"href":"https:\/\/elcapitalino.vip\/index.php?rest_route=%2Fwp%2Fv2%2Fmedia&parent=7376"}],"wp:term":[{"taxonomy":"category","embeddable":true,"href":"https:\/\/elcapitalino.vip\/index.php?rest_route=%2Fwp%2Fv2%2Fcategories&post=7376"},{"taxonomy":"post_tag","embeddable":true,"href":"https:\/\/elcapitalino.vip\/index.php?rest_route=%2Fwp%2Fv2%2Ftags&post=7376"}],"curies":[{"name":"wp","href":"https:\/\/api.w.org\/{rel}","templated":true}]}}