{"id":7373,"date":"2025-02-24T19:33:08","date_gmt":"2025-02-25T01:33:08","guid":{"rendered":"https:\/\/elcapitalino.vip\/?p=7373"},"modified":"2025-02-24T19:33:09","modified_gmt":"2025-02-25T01:33:09","slug":"recauda-reciclatron-6-8-toneladas-de-residuos-electricos-y-electronicos-en-los-coyotes-y-mixquic-gobcdmx","status":"publish","type":"post","link":"https:\/\/elcapitalino.vip\/?p=7373","title":{"rendered":"Recauda Reciclatr\u00f3n 6.8 toneladas de residuos el\u00e9ctricos y electr\u00f3nicos en los Coyotes y Mixquic \/ @GobCDMX >>>"},"content":{"rendered":"\n<p><strong>#CDMX<\/strong>.- El Gobierno de la Ciudad de M\u00e9xico (GOBCDMX) y la Secretar\u00eda del Medio Ambiente (SEDEMA), a trav\u00e9s de la Direcci\u00f3n General de Coordinaci\u00f3n de Pol\u00edticas y Cultura Ambiental (DGCPCA), realiz\u00f3 el Reciclatr\u00f3n en el Parque Ecol\u00f3gico Los Coyotes, alcald\u00eda Coyoac\u00e1n y de forma paralela en la Plaza Ju\u00e1rez de Mixquic, alcald\u00eda Tl\u00e1huac.<\/p>\n\n\n\n<p>Este programa gratuito busca evitar que los residuos el\u00e9ctricos y electr\u00f3nicos (REE) terminen en barrancas y cuerpos de agua por falta de un sitio adecuado para su disposici\u00f3n. Adem\u00e1s, fomenta la cultura de separaci\u00f3n, acopio y reciclaje, prolongando la vida \u00fatil de estos residuos y aprovechando sus componentes para la fabricaci\u00f3n de nuevos productos.<\/p>\n\n\n\n<p>Como resultado preliminar, en ambos puntos se recolectaron aproximadamente 6.8 toneladas de residuos electr\u00f3nicos y 200 kg de pilas, los cuales recibir\u00e1n un tratamiento adecuado para su correcta disposici\u00f3n y posible reutilizaci\u00f3n. En lo que va de 2025, se han recolectado alrededor de 86.8 toneladas de REE.<\/p>\n\n\n\n<p>M\u00e1s de 720 personas participaron en talleres educativos sobre reciclaje de papel y pl\u00e1sticos, y se distribuyeron 300 bolsas de composta y 300 pl\u00e1ntulas de cigarrito para revegetar espacios verdes y atraer polinizadores. Durante dos d\u00edas, se impartieron talleres continuos sobre reciclaje de pl\u00e1sticos.<\/p>\n\n\n\n<p>Gracias a esta iniciativa, la ciudadan\u00eda refuerza su compromiso con el reciclaje y el manejo responsable de estos residuos. Entre los principales art\u00edculos recolectados destacan cables, monitores, impresoras, televisores, laptops, tel\u00e9fonos celulares y otros dispositivos electr\u00f3nicos en desuso.<\/p>\n\n\n\n<p>El Reciclatr\u00f3n se llevar\u00e1 a cabo en marzo los d\u00edas 7 y 8 en el Papalote Museo del Ni\u00f1o y el 28 y 29 en el Casco de Santo Tom\u00e1s, en las instalaciones del Instituto Polit\u00e9cnico Nacional (IPN). Se invita a la ciudadan\u00eda a llevar aparatos el\u00e9ctricos y electr\u00f3nicos en desuso para su correcto reciclaje.<\/p>\n\n\n\n<p>Con estas acciones, el Gobierno de la Ciudad de M\u00e9xico, encabezado por Clara Brugada Molina, y desde la SEDEMA, la secretaria Julia \u00c1lvarez Icaza Ram\u00edrez, reafirman su compromiso de garantizar el derecho a un medio ambiente sano mediante estrategias de educaci\u00f3n que inviten a reflexionar sobre la generaci\u00f3n de residuos y a modificar el consumo.<\/p>\n\n\n\n<p><strong>#ElCapitalinoVIP<\/strong> &#8211; <a href=\"https:\/\/www.facebook.com\/ElCapitalinoVIP\/\"><strong>El Capitalino VIP<\/strong><\/a><\/p>\n","protected":false},"excerpt":{"rendered":"<p>#CDMX.- El Gobierno de la Ciudad de M\u00e9xico (GOBCDMX) y la Secretar\u00eda del Medio Ambiente (SEDEMA), a trav\u00e9s de la<\/p>\n","protected":false},"author":4,"featured_media":7374,"comment_status":"open","ping_status":"open","sticky":false,"template":"","format":"standard","meta":{"colormag_page_container_layout":"default_layout","colormag_page_sidebar_layout":"default_layout","rop_custom_images_group":[],"rop_custom_messages_group":[],"rop_publish_now":"yes","rop_publish_now_accounts":{"facebook_110999734738224_105959668530459":""},"rop_publish_now_history":[],"rop_publish_now_status":"pending","footnotes":""},"categories":[16],"tags":[20,29,23,26,25,24],"class_list":["post-7373","post","type-post","status-publish","format-standard","has-post-thumbnail","hentry","category-ultima-hora","tag-ciudad-de-mexico","tag-el-capitalino-vip","tag-enterate","tag-redes-sociales","tag-ultima-hora","tag-ultimas-noticias"],"_links":{"self":[{"href":"https:\/\/elcapitalino.vip\/index.php?rest_route=\/wp\/v2\/posts\/7373","targetHints":{"allow":["GET"]}}],"collection":[{"href":"https:\/\/elcapitalino.vip\/index.php?rest_route=\/wp\/v2\/posts"}],"about":[{"href":"https:\/\/elcapitalino.vip\/index.php?rest_route=\/wp\/v2\/types\/post"}],"author":[{"embeddable":true,"href":"https:\/\/elcapitalino.vip\/index.php?rest_route=\/wp\/v2\/users\/4"}],"replies":[{"embeddable":true,"href":"https:\/\/elcapitalino.vip\/index.php?rest_route=%2Fwp%2Fv2%2Fcomments&post=7373"}],"version-history":[{"count":1,"href":"https:\/\/elcapitalino.vip\/index.php?rest_route=\/wp\/v2\/posts\/7373\/revisions"}],"predecessor-version":[{"id":7375,"href":"https:\/\/elcapitalino.vip\/index.php?rest_route=\/wp\/v2\/posts\/7373\/revisions\/7375"}],"wp:featuredmedia":[{"embeddable":true,"href":"https:\/\/elcapitalino.vip\/index.php?rest_route=\/wp\/v2\/media\/7374"}],"wp:attachment":[{"href":"https:\/\/elcapitalino.vip\/index.php?rest_route=%2Fwp%2Fv2%2Fmedia&parent=7373"}],"wp:term":[{"taxonomy":"category","embeddable":true,"href":"https:\/\/elcapitalino.vip\/index.php?rest_route=%2Fwp%2Fv2%2Fcategories&post=7373"},{"taxonomy":"post_tag","embeddable":true,"href":"https:\/\/elcapitalino.vip\/index.php?rest_route=%2Fwp%2Fv2%2Ftags&post=7373"}],"curies":[{"name":"wp","href":"https:\/\/api.w.org\/{rel}","templated":true}]}}