{"id":7362,"date":"2025-02-20T19:42:11","date_gmt":"2025-02-21T01:42:11","guid":{"rendered":"https:\/\/elcapitalino.vip\/?p=7362"},"modified":"2025-02-20T19:42:12","modified_gmt":"2025-02-21T01:42:12","slug":"inicia-en-coyoacan-la-1a-feria-de-prevencion-a-la-violencia-familiar-alcaldia_coy","status":"publish","type":"post","link":"https:\/\/elcapitalino.vip\/?p=7362","title":{"rendered":"Inicia en Coyoac\u00e1n la 1\u00aa Feria de Prevenci\u00f3n a la Violencia Familiar \/ @Alcaldia_Coy >>>"},"content":{"rendered":"\n<p><strong>#Coyoac\u00e1n, #CDMX<\/strong>.- En Coyoac\u00e1n, dio inicio la 1\u00aa Feria de Prevenci\u00f3n a la Violencia Familiar, un evento destinado a ofrecer recursos y apoyo a la comunidad. Vecinas y vecinos de la colonia Santa \u00darsula tuvieron la oportunidad de acceder a diversos servicios de informaci\u00f3n, atenci\u00f3n y acompa\u00f1amiento sobre temas relacionados con la convivencia familiar y la prevenci\u00f3n de la violencia.<\/p>\n\n\n\n<p>Este evento reuni\u00f3 a diferentes \u00e1reas especializadas en el tema, brindando a los participantes la posibilidad de informarse sobre medidas preventivas, as\u00ed como obtener apoyo psicol\u00f3gico y legal. La feria busca crear conciencia y proporcionar herramientas a la comunidad para fortalecer las relaciones familiares y promover un entorno libre de violencia.<\/p>\n\n\n\n<figure class=\"wp-block-image aligncenter size-large is-resized\"><img loading=\"lazy\" decoding=\"async\" width=\"1024\" height=\"640\" src=\"https:\/\/elcapitalino.vip\/wp-content\/uploads\/2025\/02\/coyo2-1024x640.jpg\" alt=\"\" class=\"wp-image-7363\" style=\"width:456px;height:auto\" srcset=\"https:\/\/elcapitalino.vip\/wp-content\/uploads\/2025\/02\/coyo2-1024x640.jpg 1024w, https:\/\/elcapitalino.vip\/wp-content\/uploads\/2025\/02\/coyo2-300x188.jpg 300w, https:\/\/elcapitalino.vip\/wp-content\/uploads\/2025\/02\/coyo2-768x480.jpg 768w, https:\/\/elcapitalino.vip\/wp-content\/uploads\/2025\/02\/coyo2-600x375.jpg 600w, https:\/\/elcapitalino.vip\/wp-content\/uploads\/2025\/02\/coyo2.jpg 1440w\" sizes=\"auto, (max-width: 1024px) 100vw, 1024px\" \/><\/figure>\n\n\n\n<p><strong>#ElCapitalinoVIP<\/strong> &#8211; <a href=\"https:\/\/www.facebook.com\/ElCapitalinoVIP\/\"><strong>El Capitalino VIP<\/strong><\/a><\/p>\n","protected":false},"excerpt":{"rendered":"<p>#Coyoac\u00e1n, #CDMX.- En Coyoac\u00e1n, dio inicio la 1\u00aa Feria de Prevenci\u00f3n a la Violencia Familiar, un evento destinado a ofrecer<\/p>\n","protected":false},"author":4,"featured_media":7364,"comment_status":"open","ping_status":"open","sticky":false,"template":"","format":"standard","meta":{"colormag_page_container_layout":"default_layout","colormag_page_sidebar_layout":"default_layout","rop_custom_images_group":[],"rop_custom_messages_group":[],"rop_publish_now":"yes","rop_publish_now_accounts":{"facebook_110999734738224_105959668530459":""},"rop_publish_now_history":[],"rop_publish_now_status":"pending","footnotes":""},"categories":[10],"tags":[54,20,29,23,26,25,24],"class_list":["post-7362","post","type-post","status-publish","format-standard","has-post-thumbnail","hentry","category-alcaldias","tag-alcaldia-coyoacan","tag-ciudad-de-mexico","tag-el-capitalino-vip","tag-enterate","tag-redes-sociales","tag-ultima-hora","tag-ultimas-noticias"],"_links":{"self":[{"href":"https:\/\/elcapitalino.vip\/index.php?rest_route=\/wp\/v2\/posts\/7362","targetHints":{"allow":["GET"]}}],"collection":[{"href":"https:\/\/elcapitalino.vip\/index.php?rest_route=\/wp\/v2\/posts"}],"about":[{"href":"https:\/\/elcapitalino.vip\/index.php?rest_route=\/wp\/v2\/types\/post"}],"author":[{"embeddable":true,"href":"https:\/\/elcapitalino.vip\/index.php?rest_route=\/wp\/v2\/users\/4"}],"replies":[{"embeddable":true,"href":"https:\/\/elcapitalino.vip\/index.php?rest_route=%2Fwp%2Fv2%2Fcomments&post=7362"}],"version-history":[{"count":1,"href":"https:\/\/elcapitalino.vip\/index.php?rest_route=\/wp\/v2\/posts\/7362\/revisions"}],"predecessor-version":[{"id":7365,"href":"https:\/\/elcapitalino.vip\/index.php?rest_route=\/wp\/v2\/posts\/7362\/revisions\/7365"}],"wp:featuredmedia":[{"embeddable":true,"href":"https:\/\/elcapitalino.vip\/index.php?rest_route=\/wp\/v2\/media\/7364"}],"wp:attachment":[{"href":"https:\/\/elcapitalino.vip\/index.php?rest_route=%2Fwp%2Fv2%2Fmedia&parent=7362"}],"wp:term":[{"taxonomy":"category","embeddable":true,"href":"https:\/\/elcapitalino.vip\/index.php?rest_route=%2Fwp%2Fv2%2Fcategories&post=7362"},{"taxonomy":"post_tag","embeddable":true,"href":"https:\/\/elcapitalino.vip\/index.php?rest_route=%2Fwp%2Fv2%2Ftags&post=7362"}],"curies":[{"name":"wp","href":"https:\/\/api.w.org\/{rel}","templated":true}]}}