{"id":7295,"date":"2025-02-05T14:14:37","date_gmt":"2025-02-05T20:14:37","guid":{"rendered":"https:\/\/elcapitalino.vip\/?p=7295"},"modified":"2025-02-05T14:14:38","modified_gmt":"2025-02-05T20:14:38","slug":"concluye-con-exito-el-programa-arbol-por-arbol-tu-ciudad-reverdece-2025-en-benito-juarez-bjalcaldia","status":"publish","type":"post","link":"https:\/\/elcapitalino.vip\/?p=7295","title":{"rendered":"Concluye con \u00e9xito el programa \u201c\u00c1rbol por \u00c1rbol, tu Ciudad Reverdece 2025\u201d en Benito Ju\u00e1rez \/ @BJAlcaldia >>>"},"content":{"rendered":"\n<p><strong>#BenitoJu\u00e1rez, #CDMX<\/strong>.- La alcald\u00eda Benito Ju\u00e1rez, en coordinaci\u00f3n con la Secretar\u00eda del Medio Ambiente (SEDEMA), logr\u00f3 recolectar 5 mil 571 \u00e1rboles de Navidad gracias al programa \u201c\u00c1rbol por \u00c1rbol, tu Ciudad Reverdece 2025\u201d y entreg\u00f3 igual n\u00famero de plantas de ornato a quienes participaron.<\/p>\n\n\n\n<p>El alcalde Luis Mendoza expres\u00f3 su reconocimiento a todos los vecinos y vecinas de Benito Ju\u00e1rez, as\u00ed como a los habitantes de otras demarcaciones que acudieron a los seis centros de acopio instalados en la alcald\u00eda del 6 de enero al 2 de febrero para entregar su \u00e1rbol de Navidad y favorecer con ello al medioambiente, pues lo recolectado servir\u00e1 para crear composta org\u00e1nica a trav\u00e9s de un proceso de trituraci\u00f3n, la cual ser\u00e1 aprovechada en los 24 parques y \u00e1reas verdes de la demarcaci\u00f3n.<\/p>\n\n\n\n<p>Por su parte, Ang\u00e9lica Qui\u00f1ones, jefa de la Unidad Departamental de Parques y Jardines de la demarcaci\u00f3n, destac\u00f3 la importancia de fomentar la cultura del reciclaje para evitar la contaminaci\u00f3n y promover la reutilizaci\u00f3n de los recursos naturales.<\/p>\n\n\n\n<p>Para la alcald\u00eda Benito Ju\u00e1rez, las causas ambientales siempre ser\u00e1n una prioridad. Por ello, continuar\u00e1 participando en este programa, que ha sido altamente exitoso desde 1997, periodo en el que se han recolectado y reutilizado m\u00e1s de 150,000 \u00e1rboles de Navidad, contribuyendo as\u00ed a la preservaci\u00f3n de las \u00e1reas verdes de la demarcaci\u00f3n y de la ciudad.<\/p>\n\n\n\n<p><strong>#ElCapitalinoVIP<\/strong> &#8211; <a href=\"https:\/\/www.facebook.com\/ElCapitalinoVIP\/\"><strong>El Capitalino VIP<\/strong><\/a><\/p>\n","protected":false},"excerpt":{"rendered":"<p>#BenitoJu\u00e1rez, #CDMX.- La alcald\u00eda Benito Ju\u00e1rez, en coordinaci\u00f3n con la Secretar\u00eda del Medio Ambiente (SEDEMA), logr\u00f3 recolectar 5 mil 571<\/p>\n","protected":false},"author":4,"featured_media":7296,"comment_status":"open","ping_status":"open","sticky":false,"template":"","format":"standard","meta":{"colormag_page_container_layout":"default_layout","colormag_page_sidebar_layout":"default_layout","rop_custom_images_group":[],"rop_custom_messages_group":[],"rop_publish_now":"yes","rop_publish_now_accounts":{"facebook_110999734738224_105959668530459":""},"rop_publish_now_history":[],"rop_publish_now_status":"pending","footnotes":""},"categories":[11],"tags":[36,20,29,23,26,25,24],"class_list":["post-7295","post","type-post","status-publish","format-standard","has-post-thumbnail","hentry","category-alcaldias-destacadas","tag-alcaldia-benito-juarez","tag-ciudad-de-mexico","tag-el-capitalino-vip","tag-enterate","tag-redes-sociales","tag-ultima-hora","tag-ultimas-noticias"],"_links":{"self":[{"href":"https:\/\/elcapitalino.vip\/index.php?rest_route=\/wp\/v2\/posts\/7295","targetHints":{"allow":["GET"]}}],"collection":[{"href":"https:\/\/elcapitalino.vip\/index.php?rest_route=\/wp\/v2\/posts"}],"about":[{"href":"https:\/\/elcapitalino.vip\/index.php?rest_route=\/wp\/v2\/types\/post"}],"author":[{"embeddable":true,"href":"https:\/\/elcapitalino.vip\/index.php?rest_route=\/wp\/v2\/users\/4"}],"replies":[{"embeddable":true,"href":"https:\/\/elcapitalino.vip\/index.php?rest_route=%2Fwp%2Fv2%2Fcomments&post=7295"}],"version-history":[{"count":1,"href":"https:\/\/elcapitalino.vip\/index.php?rest_route=\/wp\/v2\/posts\/7295\/revisions"}],"predecessor-version":[{"id":7297,"href":"https:\/\/elcapitalino.vip\/index.php?rest_route=\/wp\/v2\/posts\/7295\/revisions\/7297"}],"wp:featuredmedia":[{"embeddable":true,"href":"https:\/\/elcapitalino.vip\/index.php?rest_route=\/wp\/v2\/media\/7296"}],"wp:attachment":[{"href":"https:\/\/elcapitalino.vip\/index.php?rest_route=%2Fwp%2Fv2%2Fmedia&parent=7295"}],"wp:term":[{"taxonomy":"category","embeddable":true,"href":"https:\/\/elcapitalino.vip\/index.php?rest_route=%2Fwp%2Fv2%2Fcategories&post=7295"},{"taxonomy":"post_tag","embeddable":true,"href":"https:\/\/elcapitalino.vip\/index.php?rest_route=%2Fwp%2Fv2%2Ftags&post=7295"}],"curies":[{"name":"wp","href":"https:\/\/api.w.org\/{rel}","templated":true}]}}