{"id":7271,"date":"2025-01-27T14:43:39","date_gmt":"2025-01-27T20:43:39","guid":{"rendered":"https:\/\/elcapitalino.vip\/?p=7271"},"modified":"2025-01-27T14:43:39","modified_gmt":"2025-01-27T20:43:39","slug":"mas-de-70-recintos-alistan-la-primera-noche-de-museos-2025-con-recorridos-musica-danza-y-talleres-gobcdmx","status":"publish","type":"post","link":"https:\/\/elcapitalino.vip\/?p=7271","title":{"rendered":"M\u00e1s de 70 recintos alistan la primera Noche de Museos 2025 con recorridos, m\u00fasica, danza y talleres \/ @GobCDMX >>>"},"content":{"rendered":"\n<p><strong>#CDMX<\/strong>.- La iniciativa de la Secretar\u00eda de Cultura de la Ciudad de M\u00e9xico, \u201cNoche de Museos\u201d, en la que el \u00faltimo mi\u00e9rcoles de cada mes decenas de recintos extienden sus horarios y ofrecen actividades especiales, inicia este 2025 con su primera edici\u00f3n que se realizar\u00e1 este mi\u00e9rcoles 29 de enero, en la que cerca de 70 espacios culturales de toda la capital prepararon visitas guiadas, talleres, conciertos, presentaciones de danza, proyecciones y muchas actividades m\u00e1s.<\/p>\n\n\n\n<p>Acciones que forman parte del compromiso del Gobierno de la Ciudad de M\u00e9xico, que encabeza Clara Brugada, para llevar la cultura a todas las calles de la capital del pa\u00eds.<\/p>\n\n\n\n<p>Para esta edici\u00f3n, el Museo Vivo del Muralismo se incorpora al programa con un recorrido especial por los murales que han dado vida a nuestra historia y la presentaci\u00f3n de una obra itinerante de danza contempor\u00e1nea \u201cRenuevo\u201d, misma que dialoga con el arte mural y transforma cada espacio en un escenario \u00fanico; los recorridos se realizar\u00e1n a las 17:00 y 17:30 horas, mientras que la obra se llevar\u00e1 a cabo a las 18:00 horas.<\/p>\n\n\n\n<p>Entre la oferta musical destacada en esta Noche de Museos est\u00e1 el \u201cGran Bailongo Pulquero\u201d que tendr\u00e1 lugar en el Museo del Pulque y las Pulquer\u00edas, que adem\u00e1s celebra seis a\u00f1os de vida, con la participaci\u00f3n de las agrupaciones La Pur\u00edsima y Malkriados; este baile est\u00e1 programado para las 19:30 horas.<\/p>\n\n\n\n<p>El Museo de la Ciudad de M\u00e9xico tambi\u00e9n ofrecer\u00e1 una presentaci\u00f3n musical a las 19:00 horas con sonidos y ritmos del Medio Oriente y \u00c1frica a cargo de \u201cSirena del Bosque\u201d; mientras que el Museo Nacional de la Revoluci\u00f3n tiene una cita a las 18:00 horas con los amantes de la m\u00fasica mexicana con un concierto del Coro Coraz\u00f3n que Arde, bajo la direcci\u00f3n de Adyani G\u00e1miz, junto con Mariachi Perla de Occidente con Marcelino y Gibr\u00e1n Ortega.<\/p>\n\n\n\n<p><strong>#ElCapitalinoVIP<\/strong> &#8211; <a href=\"https:\/\/www.facebook.com\/ElCapitalinoVIP\/\"><strong>El Capitalino VIP<\/strong><\/a><\/p>\n","protected":false},"excerpt":{"rendered":"<p>#CDMX.- La iniciativa de la Secretar\u00eda de Cultura de la Ciudad de M\u00e9xico, \u201cNoche de Museos\u201d, en la que el<\/p>\n","protected":false},"author":4,"featured_media":7272,"comment_status":"open","ping_status":"open","sticky":false,"template":"","format":"standard","meta":{"colormag_page_container_layout":"default_layout","colormag_page_sidebar_layout":"default_layout","rop_custom_images_group":[],"rop_custom_messages_group":[],"rop_publish_now":"yes","rop_publish_now_accounts":{"facebook_110999734738224_105959668530459":""},"rop_publish_now_history":[],"rop_publish_now_status":"pending","footnotes":""},"categories":[16],"tags":[20,29,23,26,25,24],"class_list":["post-7271","post","type-post","status-publish","format-standard","has-post-thumbnail","hentry","category-ultima-hora","tag-ciudad-de-mexico","tag-el-capitalino-vip","tag-enterate","tag-redes-sociales","tag-ultima-hora","tag-ultimas-noticias"],"_links":{"self":[{"href":"https:\/\/elcapitalino.vip\/index.php?rest_route=\/wp\/v2\/posts\/7271","targetHints":{"allow":["GET"]}}],"collection":[{"href":"https:\/\/elcapitalino.vip\/index.php?rest_route=\/wp\/v2\/posts"}],"about":[{"href":"https:\/\/elcapitalino.vip\/index.php?rest_route=\/wp\/v2\/types\/post"}],"author":[{"embeddable":true,"href":"https:\/\/elcapitalino.vip\/index.php?rest_route=\/wp\/v2\/users\/4"}],"replies":[{"embeddable":true,"href":"https:\/\/elcapitalino.vip\/index.php?rest_route=%2Fwp%2Fv2%2Fcomments&post=7271"}],"version-history":[{"count":1,"href":"https:\/\/elcapitalino.vip\/index.php?rest_route=\/wp\/v2\/posts\/7271\/revisions"}],"predecessor-version":[{"id":7273,"href":"https:\/\/elcapitalino.vip\/index.php?rest_route=\/wp\/v2\/posts\/7271\/revisions\/7273"}],"wp:featuredmedia":[{"embeddable":true,"href":"https:\/\/elcapitalino.vip\/index.php?rest_route=\/wp\/v2\/media\/7272"}],"wp:attachment":[{"href":"https:\/\/elcapitalino.vip\/index.php?rest_route=%2Fwp%2Fv2%2Fmedia&parent=7271"}],"wp:term":[{"taxonomy":"category","embeddable":true,"href":"https:\/\/elcapitalino.vip\/index.php?rest_route=%2Fwp%2Fv2%2Fcategories&post=7271"},{"taxonomy":"post_tag","embeddable":true,"href":"https:\/\/elcapitalino.vip\/index.php?rest_route=%2Fwp%2Fv2%2Ftags&post=7271"}],"curies":[{"name":"wp","href":"https:\/\/api.w.org\/{rel}","templated":true}]}}