{"id":7193,"date":"2025-01-10T14:19:59","date_gmt":"2025-01-10T20:19:59","guid":{"rendered":"https:\/\/elcapitalino.vip\/?p=7193"},"modified":"2025-01-10T14:20:00","modified_gmt":"2025-01-10T20:20:00","slug":"instalan-comite-de-salud-en-tlalpan-van-por-clinica-de-las-emociones-en-mesa-los-hornos-gabyosoriohdz-tlalpanal","status":"publish","type":"post","link":"https:\/\/elcapitalino.vip\/?p=7193","title":{"rendered":"Instalan Comit\u00e9 de Salud en Tlalpan; van por cl\u00ednica de las emociones en Mesa los Hornos \/ @Gabyosoriohdz @TlalpanAl >>>"},"content":{"rendered":"\n<p><strong>#Tlalpan, #CDMX<\/strong>.- La alcaldesa de Tlalpan, Gaby Osorio, presidi\u00f3 la instalaci\u00f3n del comit\u00e9; agradeci\u00f3 la presencia de representantes del nivel local y federal del sector salud.<\/p>\n\n\n\n<p>Jos\u00e9 Luis P\u00e9rez \/ La Prensa<\/p>\n\n\n\n<p>La alcaldesa de Tlalpan, Gaby Osorio, presidi\u00f3 la instalaci\u00f3n del Comit\u00e9 de Salud de la Alcald\u00eda Tlalpan para el periodo 2025-2027, evento en el que adelant\u00f3 que el gobierno que encabeza planea&nbsp;<strong>la apertura de un centro de atenci\u00f3n de las emociones en la colonia Mesa los Hornos.<\/strong><\/p>\n\n\n\n<p>Durante la instalaci\u00f3n del Comit\u00e9 de Salud de la alcald\u00eda de Tlalpan, Osorio Hern\u00e1ndez agradeci\u00f3 a los representantes del sector salud, entre ellos de los institutos nacionales, hospitales generales e instituciones del nivel local y federal, por su presencia y trabajo para el periodo mencionado.<\/p>\n\n\n\n<p>La funcionaria coment\u00f3 que \u201cla salud es un pilar de la alcald\u00eda Tlalpan, por ello la prevenci\u00f3n de enfermedades y la promoci\u00f3n a la salud son estrat\u00e9gicas para beneficio de la comunidad tlalpense, ya que queremos construir gobierno en red,&nbsp;<strong>a trav\u00e9s de v\u00ednculos con la academia, con la comunidad, con las casas de salud<\/strong>\u201c.<\/p>\n\n\n\n<p><strong>#ElCapitalinoVIP<\/strong> &#8211; <a href=\"https:\/\/www.facebook.com\/ElCapitalinoVIP\/\"><strong>El Capitalino VIP<\/strong><\/a><\/p>\n","protected":false},"excerpt":{"rendered":"<p>#Tlalpan, #CDMX.- La alcaldesa de Tlalpan, Gaby Osorio, presidi\u00f3 la instalaci\u00f3n del comit\u00e9; agradeci\u00f3 la presencia de representantes del nivel<\/p>\n","protected":false},"author":4,"featured_media":7194,"comment_status":"open","ping_status":"open","sticky":false,"template":"","format":"standard","meta":{"colormag_page_container_layout":"default_layout","colormag_page_sidebar_layout":"default_layout","rop_custom_images_group":[],"rop_custom_messages_group":[],"rop_publish_now":"yes","rop_publish_now_accounts":{"facebook_110999734738224_105959668530459":""},"rop_publish_now_history":[],"rop_publish_now_status":"pending","footnotes":""},"categories":[8],"tags":[49,20,29,23,26,25,24],"class_list":["post-7193","post","type-post","status-publish","format-standard","has-post-thumbnail","hentry","category-alcaldesas","tag-alcaldia-tlalpan","tag-ciudad-de-mexico","tag-el-capitalino-vip","tag-enterate","tag-redes-sociales","tag-ultima-hora","tag-ultimas-noticias"],"_links":{"self":[{"href":"https:\/\/elcapitalino.vip\/index.php?rest_route=\/wp\/v2\/posts\/7193","targetHints":{"allow":["GET"]}}],"collection":[{"href":"https:\/\/elcapitalino.vip\/index.php?rest_route=\/wp\/v2\/posts"}],"about":[{"href":"https:\/\/elcapitalino.vip\/index.php?rest_route=\/wp\/v2\/types\/post"}],"author":[{"embeddable":true,"href":"https:\/\/elcapitalino.vip\/index.php?rest_route=\/wp\/v2\/users\/4"}],"replies":[{"embeddable":true,"href":"https:\/\/elcapitalino.vip\/index.php?rest_route=%2Fwp%2Fv2%2Fcomments&post=7193"}],"version-history":[{"count":1,"href":"https:\/\/elcapitalino.vip\/index.php?rest_route=\/wp\/v2\/posts\/7193\/revisions"}],"predecessor-version":[{"id":7195,"href":"https:\/\/elcapitalino.vip\/index.php?rest_route=\/wp\/v2\/posts\/7193\/revisions\/7195"}],"wp:featuredmedia":[{"embeddable":true,"href":"https:\/\/elcapitalino.vip\/index.php?rest_route=\/wp\/v2\/media\/7194"}],"wp:attachment":[{"href":"https:\/\/elcapitalino.vip\/index.php?rest_route=%2Fwp%2Fv2%2Fmedia&parent=7193"}],"wp:term":[{"taxonomy":"category","embeddable":true,"href":"https:\/\/elcapitalino.vip\/index.php?rest_route=%2Fwp%2Fv2%2Fcategories&post=7193"},{"taxonomy":"post_tag","embeddable":true,"href":"https:\/\/elcapitalino.vip\/index.php?rest_route=%2Fwp%2Fv2%2Ftags&post=7193"}],"curies":[{"name":"wp","href":"https:\/\/api.w.org\/{rel}","templated":true}]}}