{"id":7186,"date":"2025-01-10T13:59:20","date_gmt":"2025-01-10T19:59:20","guid":{"rendered":"https:\/\/elcapitalino.vip\/?p=7186"},"modified":"2025-01-10T13:59:20","modified_gmt":"2025-01-10T19:59:20","slug":"se-activa-alerta-naranja-por-vientos-fuertes-en-la-ciudad-de-mexico-10-de-enero-gobcdmx","status":"publish","type":"post","link":"https:\/\/elcapitalino.vip\/?p=7186","title":{"rendered":"Se activa alerta naranja por vientos fuertes en la Ciudad de M\u00e9xico 10 de enero \/ @GobCDMX >>>"},"content":{"rendered":"\n<p><strong>#CDMX<\/strong>.- La Secretar\u00eda de Gesti\u00f3n Integral de Riesgos y Protecci\u00f3n Civil informa que, se activa la Alerta Naranja por pron\u00f3stico de vientos fuertes en las demarcaciones de Iztapalapa, Milpa Alta, Tl\u00e1huac y Tlalpan.<\/p>\n\n\n\n<p>Se prev\u00e9n rachas de viento de entre 60 y 69 kil\u00f3metros por hora (km\/h) entre las 13:00 y las 18:00 horas de este viernes.<\/p>\n\n\n\n<p>Asimismo, se actualiza la Alerta Amarilla por pron\u00f3stico de vientos fuertes en las demarcaciones de \u00c1lvaro Obreg\u00f3n, Azcapotzalco, Benito Ju\u00e1rez, Coyoac\u00e1n, Cuajimalpa, Cuauht\u00e9moc, Gustavo A. Madero, Iztacalco, Magdalena Contreras, Miguel Hidalgo, Venustiano Carranza y Xochimilco.<\/p>\n\n\n\n<p>Se prev\u00e9n fuertes rachas de viento de entre 50 y 59 km\/h, durante el mismo periodo de tiempo.<\/p>\n\n\n\n<p>Por ello, se recomienda a la poblaci\u00f3n guardar o retirar objetos del exterior que puedan caer; no subir a andamios, azoteas, ni cornisas; alejarse de postes telef\u00f3nicos y de electricidad.<\/p>\n\n\n\n<p>Tambi\u00e9n se sugiere ubicar a los animales de compa\u00f1\u00eda en zonas de menor riesgo.<\/p>\n\n\n\n<p>En caso de conducir, hacerlo con precauci\u00f3n, ya que se pueden hallar restos de \u00e1rboles u objetos arrastrados o derribados por las r\u00e1fagas de viento.<\/p>\n\n\n\n<p>Ante cualquier emergencia, comunicarse a los tel\u00e9fonos 911, al 5658 1111 de Locatel, y al 555683 2222 de la SGIRPC.<\/p>\n\n\n\n<p>Mantente informado a trav\u00e9s de nuestras cuentas oficiales de redes sociales; X (antes Twitter) @SGIRPC_CDMX y Facebook @SGIRPCCDMX; vis\u00edtanos tambi\u00e9n en nuestro sitio web en www.proteccioncivil.cdmx.gob.mx.<\/p>\n\n\n\n<p><strong>#ElCapitalinoVIP<\/strong> &#8211; <a href=\"https:\/\/www.facebook.com\/ElCapitalinoVIP\/\"><strong>El Capitalino VIP<\/strong><\/a><\/p>\n","protected":false},"excerpt":{"rendered":"<p>#CDMX.- La Secretar\u00eda de Gesti\u00f3n Integral de Riesgos y Protecci\u00f3n Civil informa que, se activa la Alerta Naranja por pron\u00f3stico<\/p>\n","protected":false},"author":4,"featured_media":7188,"comment_status":"open","ping_status":"open","sticky":false,"template":"","format":"standard","meta":{"colormag_page_container_layout":"default_layout","colormag_page_sidebar_layout":"default_layout","rop_custom_images_group":[],"rop_custom_messages_group":[],"rop_publish_now":"yes","rop_publish_now_accounts":{"facebook_110999734738224_105959668530459":""},"rop_publish_now_history":[],"rop_publish_now_status":"pending","footnotes":""},"categories":[14],"tags":[20,29,23,26,25,24],"class_list":["post-7186","post","type-post","status-publish","format-standard","has-post-thumbnail","hentry","category-secretarias","tag-ciudad-de-mexico","tag-el-capitalino-vip","tag-enterate","tag-redes-sociales","tag-ultima-hora","tag-ultimas-noticias"],"_links":{"self":[{"href":"https:\/\/elcapitalino.vip\/index.php?rest_route=\/wp\/v2\/posts\/7186","targetHints":{"allow":["GET"]}}],"collection":[{"href":"https:\/\/elcapitalino.vip\/index.php?rest_route=\/wp\/v2\/posts"}],"about":[{"href":"https:\/\/elcapitalino.vip\/index.php?rest_route=\/wp\/v2\/types\/post"}],"author":[{"embeddable":true,"href":"https:\/\/elcapitalino.vip\/index.php?rest_route=\/wp\/v2\/users\/4"}],"replies":[{"embeddable":true,"href":"https:\/\/elcapitalino.vip\/index.php?rest_route=%2Fwp%2Fv2%2Fcomments&post=7186"}],"version-history":[{"count":1,"href":"https:\/\/elcapitalino.vip\/index.php?rest_route=\/wp\/v2\/posts\/7186\/revisions"}],"predecessor-version":[{"id":7189,"href":"https:\/\/elcapitalino.vip\/index.php?rest_route=\/wp\/v2\/posts\/7186\/revisions\/7189"}],"wp:featuredmedia":[{"embeddable":true,"href":"https:\/\/elcapitalino.vip\/index.php?rest_route=\/wp\/v2\/media\/7188"}],"wp:attachment":[{"href":"https:\/\/elcapitalino.vip\/index.php?rest_route=%2Fwp%2Fv2%2Fmedia&parent=7186"}],"wp:term":[{"taxonomy":"category","embeddable":true,"href":"https:\/\/elcapitalino.vip\/index.php?rest_route=%2Fwp%2Fv2%2Fcategories&post=7186"},{"taxonomy":"post_tag","embeddable":true,"href":"https:\/\/elcapitalino.vip\/index.php?rest_route=%2Fwp%2Fv2%2Ftags&post=7186"}],"curies":[{"name":"wp","href":"https:\/\/api.w.org\/{rel}","templated":true}]}}