{"id":7183,"date":"2025-01-10T13:57:49","date_gmt":"2025-01-10T19:57:49","guid":{"rendered":"https:\/\/elcapitalino.vip\/?p=7183"},"modified":"2025-01-10T13:57:50","modified_gmt":"2025-01-10T19:57:50","slug":"inicia-programa-la-noche-es-de-todos-con-cuatro-chelerias-suspendidas-en-la-alcaldia-cuauhtemoc-en-2025-gobcdmx","status":"publish","type":"post","link":"https:\/\/elcapitalino.vip\/?p=7183","title":{"rendered":"Inicia Programa \u00abLa Noche es de Todos\u00bb con cuatro cheler\u00edas suspendidas en la Alcald\u00eda Cuauht\u00e9moc, en 2025 \/ @GobCDMX >>>"},"content":{"rendered":"\n<p><strong>#CDMX<\/strong>.- Por instrucciones de la Jefa de Gobierno, Clara Brugada Molina, el programa \u201cLa Noche es de Todos\u201d, coordinado por la Secretar\u00eda de Gobierno de la Ciudad de M\u00e9xico (SECGOB), reinici\u00f3 sus recorridos de verificaci\u00f3n este jueves 9 de enero, en la colonia Ju\u00e1rez, de la alcald\u00eda Cuauht\u00e9moc, logrando la suspensi\u00f3n de actividades de cuatro establecimientos con venta de alcohol, conocidos como \u201ccheler\u00edas\u201d.<\/p>\n\n\n\n<p>Durante el recorrido, que finaliz\u00f3 con saldo blanco y sin incidentes, participaron elementos de la Secretar\u00eda de Seguridad Ciudadana (SSC), la Polic\u00eda de Investigaci\u00f3n (PDI) de la Fiscal\u00eda General de Justicia de la Ciudad de M\u00e9xico (FGJCDMX), as\u00ed como la Secretar\u00eda de Gesti\u00f3n Integral de Riesgos y Protecci\u00f3n Civil (SGIRPC) y el Instituto de Verificaci\u00f3n Administrativa (INVEA).<\/p>\n\n\n\n<p>Estas visitas de verificaci\u00f3n se implementaron luego de diversas denuncias ciudadanas por la venta de bebidas alcoh\u00f3licas a menores de edad y disturbios en la v\u00eda p\u00fablica.<\/p>\n\n\n\n<p>Para el Gobierno de la Ciudad de M\u00e9xico, es fundamental garantizar la seguridad de la ciudadan\u00eda, por ello, estos recorridos se seguir\u00e1n implementando en todas las alcald\u00edas de la ciudad, a fin de constatar que estos establecimientos con horario nocturno, cumplan con las medidas de seguridad pertinentes para quienes los visitan.<\/p>\n\n\n\n<p><strong>#ElCapitalinoVIP<\/strong> &#8211; <a href=\"https:\/\/www.facebook.com\/ElCapitalinoVIP\/\"><strong>El Capitalino VIP<\/strong><\/a><\/p>\n","protected":false},"excerpt":{"rendered":"<p>#CDMX.- Por instrucciones de la Jefa de Gobierno, Clara Brugada Molina, el programa \u201cLa Noche es de Todos\u201d, coordinado por<\/p>\n","protected":false},"author":4,"featured_media":7184,"comment_status":"open","ping_status":"open","sticky":false,"template":"","format":"standard","meta":{"colormag_page_container_layout":"default_layout","colormag_page_sidebar_layout":"default_layout","rop_custom_images_group":[],"rop_custom_messages_group":[],"rop_publish_now":"yes","rop_publish_now_accounts":{"facebook_110999734738224_105959668530459":""},"rop_publish_now_history":[],"rop_publish_now_status":"pending","footnotes":""},"categories":[16],"tags":[20,29,23,26,25,24],"class_list":["post-7183","post","type-post","status-publish","format-standard","has-post-thumbnail","hentry","category-ultima-hora","tag-ciudad-de-mexico","tag-el-capitalino-vip","tag-enterate","tag-redes-sociales","tag-ultima-hora","tag-ultimas-noticias"],"_links":{"self":[{"href":"https:\/\/elcapitalino.vip\/index.php?rest_route=\/wp\/v2\/posts\/7183","targetHints":{"allow":["GET"]}}],"collection":[{"href":"https:\/\/elcapitalino.vip\/index.php?rest_route=\/wp\/v2\/posts"}],"about":[{"href":"https:\/\/elcapitalino.vip\/index.php?rest_route=\/wp\/v2\/types\/post"}],"author":[{"embeddable":true,"href":"https:\/\/elcapitalino.vip\/index.php?rest_route=\/wp\/v2\/users\/4"}],"replies":[{"embeddable":true,"href":"https:\/\/elcapitalino.vip\/index.php?rest_route=%2Fwp%2Fv2%2Fcomments&post=7183"}],"version-history":[{"count":1,"href":"https:\/\/elcapitalino.vip\/index.php?rest_route=\/wp\/v2\/posts\/7183\/revisions"}],"predecessor-version":[{"id":7185,"href":"https:\/\/elcapitalino.vip\/index.php?rest_route=\/wp\/v2\/posts\/7183\/revisions\/7185"}],"wp:featuredmedia":[{"embeddable":true,"href":"https:\/\/elcapitalino.vip\/index.php?rest_route=\/wp\/v2\/media\/7184"}],"wp:attachment":[{"href":"https:\/\/elcapitalino.vip\/index.php?rest_route=%2Fwp%2Fv2%2Fmedia&parent=7183"}],"wp:term":[{"taxonomy":"category","embeddable":true,"href":"https:\/\/elcapitalino.vip\/index.php?rest_route=%2Fwp%2Fv2%2Fcategories&post=7183"},{"taxonomy":"post_tag","embeddable":true,"href":"https:\/\/elcapitalino.vip\/index.php?rest_route=%2Fwp%2Fv2%2Ftags&post=7183"}],"curies":[{"name":"wp","href":"https:\/\/api.w.org\/{rel}","templated":true}]}}