{"id":708,"date":"2022-01-24T14:17:00","date_gmt":"2022-01-24T20:17:00","guid":{"rendered":"http:\/\/elcapitalino.vip\/?p=708"},"modified":"2022-01-24T12:18:23","modified_gmt":"2022-01-24T18:18:23","slug":"ecatepec-aplica-segunda-dosis-a-adolescentes-y-primera-a-rezagados-de-cualquier-edad","status":"publish","type":"post","link":"https:\/\/elcapitalino.vip\/?p=708","title":{"rendered":"Ecatepec aplica segunda dosis a adolescentes y primera a rezagados de cualquier edad"},"content":{"rendered":"\n<p>Adem\u00e1s, del 27 al 29 de enero se atender\u00e1 a aquellas personas mayores de 18 a\u00f1os que no cuenten con ninguna aplicaci\u00f3n y se colocar\u00e1 la segunda dosis a rezagados que tengan incompleto su esquema de las vacunas AstraZeneca y Sputnik V.<\/p>\n\n\n\n<p>El alcalde de Ecatepec inform\u00f3 que este proceso se llevar\u00e1 a cabo en dos etapas y se contar\u00e1 con 9 m\u00f3dulos de vacunaci\u00f3n, los cuales operar\u00e1n de 09:00 a 17:00 horas.<\/p>\n\n\n\n<p>A\u00f1adi\u00f3 que para garantizar el orden, el gobierno federal instaur\u00f3 un calendario que indica con base en la letra inicial del primer apellido, el d\u00eda de atenci\u00f3n que le corresponde a cada ciudadano.<\/p>\n\n\n\n<p>La primera etapa de esta jornada se llevar\u00e1 a cabo del lunes 24 al mi\u00e9rcoles 26 de enero, en este periodo, lo j\u00f3venes de 15 a 17 a\u00f1os que ya cuenten con su primera dosis de la vacuna Pfizer podr\u00e1n acudir los m\u00f3dulos para recibir su segunda aplicaci\u00f3n. Los apellidos de la A a la I deber\u00e1n acudir el primer d\u00eda, de la J a la Q el martes 25, y finalmente de la R a la Z, el mi\u00e9rcoles 26.<\/p>\n\n\n\n<p>La segunda etapa comenzar\u00e1 a partir del d\u00eda 27 de enero m, y de acuerdo con el calendario anunciado por el Gobierno Federal, aquellas personas mayores de edad cuya inicial del primer apellido sea de la A a la I, deber\u00e1n acudir este d\u00eda, mientras que de la letra J a la Q deber\u00e1n hacerlo el d\u00eda viernes 28; finalmente las personas de la R a la Z podr\u00e1n asistir el s\u00e1bado 29 de enero, \u00faltimo d\u00eda de la aplicaci\u00f3n.<\/p>\n\n\n\n<p><strong>#ElCapitalinoVip<\/strong><\/p>\n","protected":false},"excerpt":{"rendered":"<p>Adem\u00e1s, del 27 al 29 de enero se atender\u00e1 a aquellas personas mayores de 18 a\u00f1os que no cuenten con<\/p>\n","protected":false},"author":4,"featured_media":0,"comment_status":"open","ping_status":"open","sticky":false,"template":"","format":"standard","meta":{"colormag_page_container_layout":"default_layout","colormag_page_sidebar_layout":"default_layout","rop_custom_images_group":[],"rop_custom_messages_group":[],"rop_publish_now":"initial","rop_publish_now_accounts":{"facebook_110999734738224_105959668530459":""},"rop_publish_now_history":[],"rop_publish_now_status":"pending","footnotes":""},"categories":[12],"tags":[29,23,46,93,26,25,24],"class_list":["post-708","post","type-post","status-publish","format-standard","hentry","category-municipios-en-mexico","tag-el-capitalino-vip","tag-enterate","tag-gobierno-de-ecatepec-de-morelos","tag-gobierno-del-estado-de-mexico","tag-redes-sociales","tag-ultima-hora","tag-ultimas-noticias"],"_links":{"self":[{"href":"https:\/\/elcapitalino.vip\/index.php?rest_route=\/wp\/v2\/posts\/708","targetHints":{"allow":["GET"]}}],"collection":[{"href":"https:\/\/elcapitalino.vip\/index.php?rest_route=\/wp\/v2\/posts"}],"about":[{"href":"https:\/\/elcapitalino.vip\/index.php?rest_route=\/wp\/v2\/types\/post"}],"author":[{"embeddable":true,"href":"https:\/\/elcapitalino.vip\/index.php?rest_route=\/wp\/v2\/users\/4"}],"replies":[{"embeddable":true,"href":"https:\/\/elcapitalino.vip\/index.php?rest_route=%2Fwp%2Fv2%2Fcomments&post=708"}],"version-history":[{"count":1,"href":"https:\/\/elcapitalino.vip\/index.php?rest_route=\/wp\/v2\/posts\/708\/revisions"}],"predecessor-version":[{"id":710,"href":"https:\/\/elcapitalino.vip\/index.php?rest_route=\/wp\/v2\/posts\/708\/revisions\/710"}],"wp:attachment":[{"href":"https:\/\/elcapitalino.vip\/index.php?rest_route=%2Fwp%2Fv2%2Fmedia&parent=708"}],"wp:term":[{"taxonomy":"category","embeddable":true,"href":"https:\/\/elcapitalino.vip\/index.php?rest_route=%2Fwp%2Fv2%2Fcategories&post=708"},{"taxonomy":"post_tag","embeddable":true,"href":"https:\/\/elcapitalino.vip\/index.php?rest_route=%2Fwp%2Fv2%2Ftags&post=708"}],"curies":[{"name":"wp","href":"https:\/\/api.w.org\/{rel}","templated":true}]}}