{"id":7055,"date":"2024-12-04T19:13:49","date_gmt":"2024-12-05T01:13:49","guid":{"rendered":"https:\/\/elcapitalino.vip\/?p=7055"},"modified":"2024-12-04T19:13:49","modified_gmt":"2024-12-05T01:13:49","slug":"iztacalco-continua-los-16-dias-de-activismo-con-conferencia-sobre-micromachismos-iztacalcoal","status":"publish","type":"post","link":"https:\/\/elcapitalino.vip\/?p=7055","title":{"rendered":"Iztacalco continua los 16 d\u00edas de activismo con conferencia sobre micromachismos \/ @IztacalcoAl >>>"},"content":{"rendered":"\n<p><strong>#Iztacalco, #CDMX<\/strong>.- En el marco del D\u00eda Internacional por la Eliminaci\u00f3n de la Violencia contra las Mujeres y Ni\u00f1as, la alcald\u00eda de Iztacalco contin\u00faa con los 16 d\u00edas de activismo, una serie de actividades para sensibilizar a la comunidad sobre la importancia de erradicar la violencia de g\u00e9nero. En esta ocasi\u00f3n, se llev\u00f3 a cabo la conferencia titulada \u201cMicromachismos\u201d, que tuvo lugar en el lobby del edificio B, con el objetivo de concientizar a los asistentes sobre la normalizaci\u00f3n y las formas sutiles del machismo cotidiano.<\/p>\n\n\n\n<p>La conferencia destac\u00f3 c\u00f3mo estos micromachismos perpet\u00faan la desigualdad de g\u00e9nero, invisibilizando conductas y actitudes que, aunque parecen inofensivas, refuerzan los roles tradicionales y desiguales entre hombres y mujeres. La alcald\u00eda de Iztacalco reafirma su compromiso con la construcci\u00f3n de una sociedad libre de violencia, donde se promueva la equidad de g\u00e9nero y el respeto hacia todas las personas.<\/p>\n\n\n\n<p><strong>#ElCapitalinoVIP<\/strong> &#8211; <a href=\"https:\/\/www.facebook.com\/ElCapitalinoVIP\/\"><strong>El Capitalino VIP<\/strong><\/a><\/p>\n","protected":false},"excerpt":{"rendered":"<p>#Iztacalco, #CDMX.- En el marco del D\u00eda Internacional por la Eliminaci\u00f3n de la Violencia contra las Mujeres y Ni\u00f1as, la<\/p>\n","protected":false},"author":4,"featured_media":7057,"comment_status":"open","ping_status":"open","sticky":false,"template":"","format":"standard","meta":{"colormag_page_container_layout":"default_layout","colormag_page_sidebar_layout":"default_layout","rop_custom_images_group":[],"rop_custom_messages_group":[],"rop_publish_now":"yes","rop_publish_now_accounts":{"facebook_110999734738224_105959668530459":""},"rop_publish_now_history":[],"rop_publish_now_status":"pending","footnotes":""},"categories":[10],"tags":[91,20,29,23,26,25,24],"class_list":["post-7055","post","type-post","status-publish","format-standard","has-post-thumbnail","hentry","category-alcaldias","tag-alcaldia-iztacalco","tag-ciudad-de-mexico","tag-el-capitalino-vip","tag-enterate","tag-redes-sociales","tag-ultima-hora","tag-ultimas-noticias"],"_links":{"self":[{"href":"https:\/\/elcapitalino.vip\/index.php?rest_route=\/wp\/v2\/posts\/7055","targetHints":{"allow":["GET"]}}],"collection":[{"href":"https:\/\/elcapitalino.vip\/index.php?rest_route=\/wp\/v2\/posts"}],"about":[{"href":"https:\/\/elcapitalino.vip\/index.php?rest_route=\/wp\/v2\/types\/post"}],"author":[{"embeddable":true,"href":"https:\/\/elcapitalino.vip\/index.php?rest_route=\/wp\/v2\/users\/4"}],"replies":[{"embeddable":true,"href":"https:\/\/elcapitalino.vip\/index.php?rest_route=%2Fwp%2Fv2%2Fcomments&post=7055"}],"version-history":[{"count":1,"href":"https:\/\/elcapitalino.vip\/index.php?rest_route=\/wp\/v2\/posts\/7055\/revisions"}],"predecessor-version":[{"id":7058,"href":"https:\/\/elcapitalino.vip\/index.php?rest_route=\/wp\/v2\/posts\/7055\/revisions\/7058"}],"wp:featuredmedia":[{"embeddable":true,"href":"https:\/\/elcapitalino.vip\/index.php?rest_route=\/wp\/v2\/media\/7057"}],"wp:attachment":[{"href":"https:\/\/elcapitalino.vip\/index.php?rest_route=%2Fwp%2Fv2%2Fmedia&parent=7055"}],"wp:term":[{"taxonomy":"category","embeddable":true,"href":"https:\/\/elcapitalino.vip\/index.php?rest_route=%2Fwp%2Fv2%2Fcategories&post=7055"},{"taxonomy":"post_tag","embeddable":true,"href":"https:\/\/elcapitalino.vip\/index.php?rest_route=%2Fwp%2Fv2%2Ftags&post=7055"}],"curies":[{"name":"wp","href":"https:\/\/api.w.org\/{rel}","templated":true}]}}