{"id":698,"date":"2022-01-22T13:11:29","date_gmt":"2022-01-22T19:11:29","guid":{"rendered":"http:\/\/elcapitalino.vip\/?p=698"},"modified":"2022-01-22T13:11:30","modified_gmt":"2022-01-22T19:11:30","slug":"fortaleciendo-la-comunicacion-entre-organismos-de-coyoacan-llevan-a-cabo-una-reunion-con-el-presidente-del-tribunal-superior-de-justicia-de-la-cdmx","status":"publish","type":"post","link":"https:\/\/elcapitalino.vip\/?p=698","title":{"rendered":"Fortaleciendo la comunicaci\u00f3n entre organismos de Coyoac\u00e1n, llevan a cabo una reuni\u00f3n con el presidente del Tribunal Superior de Justicia de la CDMX"},"content":{"rendered":"\n<p><strong>#Coyoac\u00e1n<\/strong>, <strong>#CDMX<\/strong>.- \u00abMe reun\u00ed con el presidente del Tribunal Superior de Justicia de la CDMX, Rafael Guerra \u00c1lvarez. Acordamos fortalecer a\u00fan m\u00e1s la coordinaci\u00f3n entre \u00f3rganos y poderes de gobierno, para seguir disminuyendo la inseguridad en Coyoac\u00e1n\u00bb. <strong>#GiovaniGuti\u00e9rrez<\/strong><\/p>\n\n\n\n<div class=\"wp-block-image\"><figure class=\"aligncenter size-large is-resized\"><img loading=\"lazy\" decoding=\"async\" src=\"http:\/\/elcapitalino.vip\/wp-content\/uploads\/2022\/01\/coyo2-3-1024x766.jpg\" alt=\"\" class=\"wp-image-699\" width=\"503\" height=\"376\"\/><\/figure><\/div>\n\n\n\n<p><strong>#ElCapitalinoVip<\/strong><\/p>\n","protected":false},"excerpt":{"rendered":"<p>#Coyoac\u00e1n, #CDMX.- \u00abMe reun\u00ed con el presidente del Tribunal Superior de Justicia de la CDMX, Rafael Guerra \u00c1lvarez. Acordamos fortalecer<\/p>\n","protected":false},"author":4,"featured_media":0,"comment_status":"open","ping_status":"open","sticky":false,"template":"","format":"standard","meta":{"colormag_page_container_layout":"default_layout","colormag_page_sidebar_layout":"default_layout","rop_custom_images_group":[],"rop_custom_messages_group":[],"rop_publish_now":"initial","rop_publish_now_accounts":{"facebook_110999734738224_105959668530459":""},"rop_publish_now_history":[],"rop_publish_now_status":"pending","footnotes":""},"categories":[10],"tags":[54,20,19,29,23,82,21,26,25,24],"class_list":["post-698","post","type-post","status-publish","format-standard","hentry","category-alcaldias","tag-alcaldia-coyoacan","tag-ciudad-de-mexico","tag-claudia-sheinbaum","tag-el-capitalino-vip","tag-enterate","tag-giovani-gutierrez","tag-gobierno-de-la-ciudad-de-mexico","tag-redes-sociales","tag-ultima-hora","tag-ultimas-noticias"],"_links":{"self":[{"href":"https:\/\/elcapitalino.vip\/index.php?rest_route=\/wp\/v2\/posts\/698","targetHints":{"allow":["GET"]}}],"collection":[{"href":"https:\/\/elcapitalino.vip\/index.php?rest_route=\/wp\/v2\/posts"}],"about":[{"href":"https:\/\/elcapitalino.vip\/index.php?rest_route=\/wp\/v2\/types\/post"}],"author":[{"embeddable":true,"href":"https:\/\/elcapitalino.vip\/index.php?rest_route=\/wp\/v2\/users\/4"}],"replies":[{"embeddable":true,"href":"https:\/\/elcapitalino.vip\/index.php?rest_route=%2Fwp%2Fv2%2Fcomments&post=698"}],"version-history":[{"count":1,"href":"https:\/\/elcapitalino.vip\/index.php?rest_route=\/wp\/v2\/posts\/698\/revisions"}],"predecessor-version":[{"id":701,"href":"https:\/\/elcapitalino.vip\/index.php?rest_route=\/wp\/v2\/posts\/698\/revisions\/701"}],"wp:attachment":[{"href":"https:\/\/elcapitalino.vip\/index.php?rest_route=%2Fwp%2Fv2%2Fmedia&parent=698"}],"wp:term":[{"taxonomy":"category","embeddable":true,"href":"https:\/\/elcapitalino.vip\/index.php?rest_route=%2Fwp%2Fv2%2Fcategories&post=698"},{"taxonomy":"post_tag","embeddable":true,"href":"https:\/\/elcapitalino.vip\/index.php?rest_route=%2Fwp%2Fv2%2Ftags&post=698"}],"curies":[{"name":"wp","href":"https:\/\/api.w.org\/{rel}","templated":true}]}}