{"id":6947,"date":"2024-10-16T21:07:33","date_gmt":"2024-10-17T03:07:33","guid":{"rendered":"https:\/\/elcapitalino.vip\/?p=6947"},"modified":"2024-10-16T21:07:33","modified_gmt":"2024-10-17T03:07:33","slug":"anuncia-autoridad-del-centro-historico-quinto-festival-de-ofrendas-y-arreglos-florales-clarabrugadam-gobcdmx","status":"publish","type":"post","link":"https:\/\/elcapitalino.vip\/?p=6947","title":{"rendered":"Anuncia Autoridad del Centro Hist\u00f3rico quinto festival de ofrendas y arreglos florales \/ @ClaraBrugadaM @GobCDMX >>>"},"content":{"rendered":"\n<p><strong>#CDMX<\/strong>.- El Gobierno de la Ciudad de M\u00e9xico, a trav\u00e9s de la Autoridad del Centro Hist\u00f3rico (ACH), convoca a las comunidades vecinales, empresariales y culturales del Centro Hist\u00f3rico a participar en el Quinto Festival de Ofrendas y Arreglos Florales del Centro Hist\u00f3rico, que se realizar\u00e1 del 25 de octubre al 3 de noviembre de 2024.<\/p>\n\n\n\n<p>El anuncio fue encabezado por el director ejecutivo de Vinculaci\u00f3n, Francisco Vel\u00e1zquez Tapia; la directora del Fideicomiso Centro Hist\u00f3rico, Loredana Montes L\u00f3pez; Claudia Olivia Aguirre Retana, coordinadora del Museo del Tel\u00e9grafo; as\u00ed como los empresarios Mar\u00eda Fernanda Islas y \u00c1ngel Mussi.<\/p>\n\n\n\n<p>El director ejecutivo de Vinculaci\u00f3n detall\u00f3 que podr\u00e1n participar vecinos, establecimientos comerciales, organismos e instituciones p\u00fablicas, privadas, sociales, culturales y educativas que se ubiquen en los per\u00edmetros A y B del Centro Hist\u00f3rico.<\/p>\n\n\n\n<p>\u201cLas inscripciones estar\u00e1n abiertas hasta el mi\u00e9rcoles 23 de octubre, quienes decidan participar recibir\u00e1n de la ACH un kit para distinguir su ofrenda, que consiste en un pend\u00f3n para el exterior del lugar y una c\u00e9dula de identificaci\u00f3n que los llevar\u00e1 al sitio de votaci\u00f3n\u201d, inform\u00f3.<\/p>\n\n\n\n<p>Adem\u00e1s, explic\u00f3 que este a\u00f1o, por primera vez la ofrenda de la ACH ser\u00e1 elaborada por la comunidad vecinal, por lo que invit\u00f3 a ni\u00f1as, ni\u00f1os, adolescentes y adultos a asistir a los talleres para elaborarla. Tambi\u00e9n anunci\u00f3 que habr\u00e1 una exposici\u00f3n fotogr\u00e1fica con las mejores ofrendas de los cuatro encuentros previos en el llamado puente de liga, que une la Catedral Metropolitana con la Librer\u00eda Porr\u00faa.<\/p>\n\n\n\n<p>La titular del Fideicomiso del Centro Hist\u00f3rico, Loredana Montes L\u00f3pez, asegur\u00f3 que pocos Centros Hist\u00f3ricos, con las dimensiones y retos que hay en la Ciudad de M\u00e9xico, logran conjuntar equilibrios como lo que se va a dar en estos d\u00edas.<\/p>\n\n\n\n<p>\u201cTodos nos involucramos cuando estas fiestas vienen, esto es lo que hay que reconocer, estamos juntos. Es muy importante que los museos sean visitados, que bueno que se pueda poner la ofrenda, lo bueno es que la gente entre, sepa, la gente se involucre, que la gente conozca y en esa medida lograremos que la gente respete\u201d, coment\u00f3 al tiempo que declar\u00f3 que la zona patrimonial es extraordinaria, por lo que se tiene que heredar bien a otras generaciones para que tambi\u00e9n la cuiden.<\/p>\n\n\n\n<p><strong>#ElCapitalinoVIP<\/strong> &#8211; <a href=\"https:\/\/www.facebook.com\/ElCapitalinoVIP\/\"><strong>El Capitalino VIP<\/strong><\/a><\/p>\n","protected":false},"excerpt":{"rendered":"<p>#CDMX.- El Gobierno de la Ciudad de M\u00e9xico, a trav\u00e9s de la Autoridad del Centro Hist\u00f3rico (ACH), convoca a las<\/p>\n","protected":false},"author":4,"featured_media":6948,"comment_status":"open","ping_status":"open","sticky":false,"template":"","format":"standard","meta":{"colormag_page_container_layout":"default_layout","colormag_page_sidebar_layout":"default_layout","rop_custom_images_group":[],"rop_custom_messages_group":[],"rop_publish_now":"yes","rop_publish_now_accounts":{"facebook_110999734738224_105959668530459":""},"rop_publish_now_history":[],"rop_publish_now_status":"pending","footnotes":""},"categories":[14],"tags":[29,23,26,25,24],"class_list":["post-6947","post","type-post","status-publish","format-standard","has-post-thumbnail","hentry","category-secretarias","tag-el-capitalino-vip","tag-enterate","tag-redes-sociales","tag-ultima-hora","tag-ultimas-noticias"],"_links":{"self":[{"href":"https:\/\/elcapitalino.vip\/index.php?rest_route=\/wp\/v2\/posts\/6947","targetHints":{"allow":["GET"]}}],"collection":[{"href":"https:\/\/elcapitalino.vip\/index.php?rest_route=\/wp\/v2\/posts"}],"about":[{"href":"https:\/\/elcapitalino.vip\/index.php?rest_route=\/wp\/v2\/types\/post"}],"author":[{"embeddable":true,"href":"https:\/\/elcapitalino.vip\/index.php?rest_route=\/wp\/v2\/users\/4"}],"replies":[{"embeddable":true,"href":"https:\/\/elcapitalino.vip\/index.php?rest_route=%2Fwp%2Fv2%2Fcomments&post=6947"}],"version-history":[{"count":1,"href":"https:\/\/elcapitalino.vip\/index.php?rest_route=\/wp\/v2\/posts\/6947\/revisions"}],"predecessor-version":[{"id":6949,"href":"https:\/\/elcapitalino.vip\/index.php?rest_route=\/wp\/v2\/posts\/6947\/revisions\/6949"}],"wp:featuredmedia":[{"embeddable":true,"href":"https:\/\/elcapitalino.vip\/index.php?rest_route=\/wp\/v2\/media\/6948"}],"wp:attachment":[{"href":"https:\/\/elcapitalino.vip\/index.php?rest_route=%2Fwp%2Fv2%2Fmedia&parent=6947"}],"wp:term":[{"taxonomy":"category","embeddable":true,"href":"https:\/\/elcapitalino.vip\/index.php?rest_route=%2Fwp%2Fv2%2Fcategories&post=6947"},{"taxonomy":"post_tag","embeddable":true,"href":"https:\/\/elcapitalino.vip\/index.php?rest_route=%2Fwp%2Fv2%2Ftags&post=6947"}],"curies":[{"name":"wp","href":"https:\/\/api.w.org\/{rel}","templated":true}]}}