{"id":6919,"date":"2024-10-07T13:55:41","date_gmt":"2024-10-07T19:55:41","guid":{"rendered":"https:\/\/elcapitalino.vip\/?p=6919"},"modified":"2024-10-07T13:55:42","modified_gmt":"2024-10-07T19:55:42","slug":"presenta-clara-brugada-acciones-para-iniciar-con-la-construccion-del-segundo-piso-de-la-transformacion-clarabrugadam-gobcdmx","status":"publish","type":"post","link":"https:\/\/elcapitalino.vip\/?p=6919","title":{"rendered":"Presenta Clara Brugada acciones para iniciar con la construcci\u00f3n del Segundo Piso de la Transformaci\u00f3n \/ @ClaraBrugadaM @GobCDMX >>>"},"content":{"rendered":"\n<p><strong>#CDMX<\/strong>.- La Jefa de Gobierno, Clara Brugada Molina, present\u00f3 durante el Acto de Celebraci\u00f3n por la Toma de Posesi\u00f3n, una lista de acciones para iniciar con la construcci\u00f3n del Segundo Piso de la Transformaci\u00f3n en la Ciudad de M\u00e9xico y garantizar a la ciudadan\u00eda bienestar, paz, justicia y libertad, derechos sociales conquistados por el expresidente Andr\u00e9s Manuel L\u00f3pez Obrador y por la exJefa de Gobierno, hoy Presidenta de M\u00e9xico, Claudia Sheinbaum Pardo.<\/p>\n\n\n\n<p>\u201cQuiero que todas y todos tengan plena confianza que la transformaci\u00f3n no se va a detener, se va a profundizar; casi 3 millones de personas nos dieron su confianza y, con la mano en el coraz\u00f3n, les digo: no les voy a fallar. Y vamos a retomar los principios de la Cuarta Transformaci\u00f3n: no mentir, no robar y no traicionar a nuestro pueblo. As\u00ed que, a trabajar; a trabajar por esta gran ciudad. \u00a1Viva la Ciudad de M\u00e9xico!\u201d, expres\u00f3. <\/p>\n\n\n\n<p>En el Teatro Metropolitan, la mandataria capitalina present\u00f3 a los integrantes de su Gabinete, quienes contribuir\u00e1n a consolidar a la capital del pa\u00eds como referente de pol\u00edticas progresistas. \u201cTenemos la convicci\u00f3n inagotable de buscar que cada habitante encuentre, como dijo Andr\u00e9s Manuel L\u00f3pez Obrador, grandes y potentes razones para ser feliz, para vivir en libertad, para que los anhelos de justicia y democracia se hagan realidad; esto es por lo que peleamos, y por ello, seguiremos trabajando arduamente. (&#8230;) Tengo la gran responsabilidad de construir el Segundo Piso de la transformaci\u00f3n y eso significa hacer rendir cada peso del presupuesto, como si fueran dos, y vamos a trabajar como si el d\u00eda tuviera el doble de horas. <\/p>\n\n\n\n<p>Desde hoy, como Jefa de Gobierno, no descansar\u00e9 para hacer de esta ciudad la Capital de la Transformaci\u00f3n\u201d, se\u00f1al\u00f3. Asimismo, refrend\u00f3 su convicci\u00f3n feminista y su experiencia legislativa y como gobernante de Iztapalapa, una de las alcald\u00edas m\u00e1s complejas, que retomar\u00e1 para gobernar para todas y todos los habitantes de la capital. \u201cVengo de la lucha comunitaria, creo en el poder del pueblo y en los movimientos sociales, me he propuesto la misi\u00f3n hist\u00f3rica de transformar la realidad de las zonas m\u00e1s empobrecidas de la ciudad, vengo con el coraz\u00f3n ardiendo y latiendo por la profundizaci\u00f3n de la democratizaci\u00f3n de esta ciudad. (&#8230;) He gobernado la cuarta parte de la Ciudad de M\u00e9xico, la m\u00e1s compleja, la de mayores rezagos y la he transformado haciendo realidad las utop\u00edas y los sue\u00f1os de cambio. Conozco las necesidades de los que viven en Polanco y conozco las condiciones de quienes viven en Milpa Alta o Xochimilco, y vamos a gobernar para todas y para todos\u201d, dijo. Destac\u00f3 que el primer eje sobre el que trabajar\u00e1 ser\u00e1 Seguridad, con el reforzamiento de la estrategia actual conformada por cuatro ejes: Investigaci\u00f3n, Coordinaci\u00f3n, Atenci\u00f3n a las Causas y M\u00e1s y Mejor Polic\u00eda.\u00a0<\/p>\n\n\n\n<p><strong>#ElCapitalinoVIP<\/strong> &#8211; <a href=\"https:\/\/www.facebook.com\/ElCapitalinoVIP\/\"><strong>El Capitalino VIP<\/strong><\/a><\/p>\n","protected":false},"excerpt":{"rendered":"<p>#CDMX.- La Jefa de Gobierno, Clara Brugada Molina, present\u00f3 durante el Acto de Celebraci\u00f3n por la Toma de Posesi\u00f3n, una<\/p>\n","protected":false},"author":4,"featured_media":6920,"comment_status":"open","ping_status":"open","sticky":false,"template":"","format":"standard","meta":{"colormag_page_container_layout":"default_layout","colormag_page_sidebar_layout":"default_layout","rop_custom_images_group":[],"rop_custom_messages_group":[],"rop_publish_now":"yes","rop_publish_now_accounts":{"facebook_110999734738224_105959668530459":""},"rop_publish_now_history":[],"rop_publish_now_status":"pending","footnotes":""},"categories":[13],"tags":[20,29,23,26,25,24],"class_list":["post-6919","post","type-post","status-publish","format-standard","has-post-thumbnail","hentry","category-principales","tag-ciudad-de-mexico","tag-el-capitalino-vip","tag-enterate","tag-redes-sociales","tag-ultima-hora","tag-ultimas-noticias"],"_links":{"self":[{"href":"https:\/\/elcapitalino.vip\/index.php?rest_route=\/wp\/v2\/posts\/6919","targetHints":{"allow":["GET"]}}],"collection":[{"href":"https:\/\/elcapitalino.vip\/index.php?rest_route=\/wp\/v2\/posts"}],"about":[{"href":"https:\/\/elcapitalino.vip\/index.php?rest_route=\/wp\/v2\/types\/post"}],"author":[{"embeddable":true,"href":"https:\/\/elcapitalino.vip\/index.php?rest_route=\/wp\/v2\/users\/4"}],"replies":[{"embeddable":true,"href":"https:\/\/elcapitalino.vip\/index.php?rest_route=%2Fwp%2Fv2%2Fcomments&post=6919"}],"version-history":[{"count":1,"href":"https:\/\/elcapitalino.vip\/index.php?rest_route=\/wp\/v2\/posts\/6919\/revisions"}],"predecessor-version":[{"id":6921,"href":"https:\/\/elcapitalino.vip\/index.php?rest_route=\/wp\/v2\/posts\/6919\/revisions\/6921"}],"wp:featuredmedia":[{"embeddable":true,"href":"https:\/\/elcapitalino.vip\/index.php?rest_route=\/wp\/v2\/media\/6920"}],"wp:attachment":[{"href":"https:\/\/elcapitalino.vip\/index.php?rest_route=%2Fwp%2Fv2%2Fmedia&parent=6919"}],"wp:term":[{"taxonomy":"category","embeddable":true,"href":"https:\/\/elcapitalino.vip\/index.php?rest_route=%2Fwp%2Fv2%2Fcategories&post=6919"},{"taxonomy":"post_tag","embeddable":true,"href":"https:\/\/elcapitalino.vip\/index.php?rest_route=%2Fwp%2Fv2%2Ftags&post=6919"}],"curies":[{"name":"wp","href":"https:\/\/api.w.org\/{rel}","templated":true}]}}