{"id":6814,"date":"2024-09-09T14:55:04","date_gmt":"2024-09-09T20:55:04","guid":{"rendered":"https:\/\/elcapitalino.vip\/?p=6814"},"modified":"2024-09-09T14:55:05","modified_gmt":"2024-09-09T20:55:05","slug":"ofrece-iapa-estrategia-de-prevencion-del-suicidio-ciudad-de-mexico-se-ubica-debajo-de-la-media-nacional-gobcdmx","status":"publish","type":"post","link":"https:\/\/elcapitalino.vip\/?p=6814","title":{"rendered":"Ofrece IAPA estrategia de prevenci\u00f3n del suicidio; Ciudad de M\u00e9xico se ubica debajo de la media nacional \/ @GobCDMX >>>"},"content":{"rendered":"\n<p><strong>#CDMX<\/strong>.- En el marco del D\u00eda Mundial para la Prevenci\u00f3n del Suicidio, que se conmemora el 10 de septiembre, la Secretar\u00eda de Salud de la Ciudad de M\u00e9xico (SEDESA), a trav\u00e9s del Instituto para la Atenci\u00f3n y Prevenci\u00f3n de las Adicciones (IAPA), informa que cuenta con una estrategia integral contra el suicidio, dirigida a la poblaci\u00f3n de 15 a 29 a\u00f1os.<\/p>\n\n\n\n<p>De acuerdo con el Instituto Nacional de Estad\u00edstica y Geograf\u00eda (INEGI), actualmente la capital se sit\u00faa en el lugar n\u00famero 28 a nivel nacional en suicidios, por debajo de la media nacional, que es del 10.4 por ciento.<\/p>\n\n\n\n<p>Las intervenciones preventivas dirigidas a estudiantes de secundaria, bachillerato y licenciatura consisten en pl\u00e1ticas y cursos sobre salud mental y adicciones, as\u00ed como el curso \u201cDepresi\u00f3n y Prevenci\u00f3n del Suicidio\u201d. Adem\u00e1s, se proporciona contenci\u00f3n emocional e intervenci\u00f3n en crisis, a trav\u00e9s de los IAPAM\u00d3DULOS de salud mental escolar, equipados con consultorios m\u00f3viles.<\/p>\n\n\n\n<p>El director general del IAPA, Jos\u00e9 Antonio Alcocer S\u00e1nchez, inform\u00f3 que estas actividades se realizan desde la perspectiva de no juzgar, no criticar y no criminalizar a ninguna persona, especialmente cuando se encuentran en alguna situaci\u00f3n que ponga en riesgo su vida.<\/p>\n\n\n\n<p>\u201cActualmente, a trav\u00e9s del N\u00facleo Urbano de Bienestar Emocional (NUBE) y de los servicios de atenci\u00f3n del IAPA, realizamos la valoraci\u00f3n de casos con depresi\u00f3n o riesgo suicida y se canalizan a los servicios de atenci\u00f3n psiqui\u00e1trica\u201d, destac\u00f3.<\/p>\n\n\n\n<p>El titular del IAPA, manifest\u00f3 que una persona con intento de suicidio se encuentra en mayor riesgo de repetir el evento entre las primeras 48 a 72 horas despu\u00e9s del evento autoinfligido, y un suicidio impacta de manera negativa hasta a 135 personas en el contexto cercano.<\/p>\n\n\n\n<p><strong>#ElCapitalinoVIP<\/strong> &#8211; <a href=\"https:\/\/www.facebook.com\/ElCapitalinoVIP\/\"><strong>El Capitalino VIP<\/strong><\/a><\/p>\n","protected":false},"excerpt":{"rendered":"<p>#CDMX.- En el marco del D\u00eda Mundial para la Prevenci\u00f3n del Suicidio, que se conmemora el 10 de septiembre, la<\/p>\n","protected":false},"author":4,"featured_media":6815,"comment_status":"open","ping_status":"open","sticky":false,"template":"","format":"standard","meta":{"colormag_page_container_layout":"default_layout","colormag_page_sidebar_layout":"default_layout","rop_custom_images_group":[],"rop_custom_messages_group":[],"rop_publish_now":"yes","rop_publish_now_accounts":{"facebook_110999734738224_105959668530459":""},"rop_publish_now_history":[],"rop_publish_now_status":"pending","footnotes":""},"categories":[14],"tags":[20,29,23,26,25,24],"class_list":["post-6814","post","type-post","status-publish","format-standard","has-post-thumbnail","hentry","category-secretarias","tag-ciudad-de-mexico","tag-el-capitalino-vip","tag-enterate","tag-redes-sociales","tag-ultima-hora","tag-ultimas-noticias"],"_links":{"self":[{"href":"https:\/\/elcapitalino.vip\/index.php?rest_route=\/wp\/v2\/posts\/6814","targetHints":{"allow":["GET"]}}],"collection":[{"href":"https:\/\/elcapitalino.vip\/index.php?rest_route=\/wp\/v2\/posts"}],"about":[{"href":"https:\/\/elcapitalino.vip\/index.php?rest_route=\/wp\/v2\/types\/post"}],"author":[{"embeddable":true,"href":"https:\/\/elcapitalino.vip\/index.php?rest_route=\/wp\/v2\/users\/4"}],"replies":[{"embeddable":true,"href":"https:\/\/elcapitalino.vip\/index.php?rest_route=%2Fwp%2Fv2%2Fcomments&post=6814"}],"version-history":[{"count":1,"href":"https:\/\/elcapitalino.vip\/index.php?rest_route=\/wp\/v2\/posts\/6814\/revisions"}],"predecessor-version":[{"id":6816,"href":"https:\/\/elcapitalino.vip\/index.php?rest_route=\/wp\/v2\/posts\/6814\/revisions\/6816"}],"wp:featuredmedia":[{"embeddable":true,"href":"https:\/\/elcapitalino.vip\/index.php?rest_route=\/wp\/v2\/media\/6815"}],"wp:attachment":[{"href":"https:\/\/elcapitalino.vip\/index.php?rest_route=%2Fwp%2Fv2%2Fmedia&parent=6814"}],"wp:term":[{"taxonomy":"category","embeddable":true,"href":"https:\/\/elcapitalino.vip\/index.php?rest_route=%2Fwp%2Fv2%2Fcategories&post=6814"},{"taxonomy":"post_tag","embeddable":true,"href":"https:\/\/elcapitalino.vip\/index.php?rest_route=%2Fwp%2Fv2%2Ftags&post=6814"}],"curies":[{"name":"wp","href":"https:\/\/api.w.org\/{rel}","templated":true}]}}