{"id":6764,"date":"2024-08-26T20:13:24","date_gmt":"2024-08-27T02:13:24","guid":{"rendered":"https:\/\/elcapitalino.vip\/?p=6764"},"modified":"2024-08-26T20:13:24","modified_gmt":"2024-08-27T02:13:24","slug":"alcalde-de-benito-juarez-da-inicio-al-ciclo-escolar-2024-2025-con-entrega-de-infraestructura-educativa-bjalcaldia","status":"publish","type":"post","link":"https:\/\/elcapitalino.vip\/?p=6764","title":{"rendered":"Alcalde de Benito Ju\u00e1rez da inicio al ciclo escolar 2024-2025 con entrega de infraestructura educativa \/ @BJAlcaldia >>>"},"content":{"rendered":"\n<p><strong>#BenitoJu\u00e1rez, #CDMX<\/strong>.- En el marco del inicio del ciclo escolar 2024-2025, en el que regresaron m\u00e1s de 33 mil alumnas y alumnos a las aulas de 115 escuelas p\u00fablicas en la demarcaci\u00f3n, el alcalde de Benito Ju\u00e1rez, Jaime Mata Salas, encabez\u00f3 el regreso a clases en la Escuela Primaria Silvestre Revueltas, ubicada en la colonia Portales Norte, donde reafirm\u00f3 el compromiso que ha tenido esta administraci\u00f3n con la educaci\u00f3n de ni\u00f1as, ni\u00f1os y adolescentes.<\/p>\n\n\n\n<p>\u201cLa alcald\u00eda Benito Ju\u00e1rez cree que la mejor inversi\u00f3n del recurso p\u00fablico es la educaci\u00f3n y por eso tambi\u00e9n hemos colaborado con el desarrollo, con la renovaci\u00f3n de su infraestructura\u2026 Siempre van a contar con la alcald\u00eda Benito Ju\u00e1rez, siempre vamos a estar al pendiente, siempre vamos a tratar de colaborar\u2026 Somos unos aliados m\u00e1s para encontrar este proceso de crecimiento.\u201d<\/p>\n\n\n\n<p>Agreg\u00f3 que esta escuela, a la que se le entregaron pizarrones nuevos y se renovaron ba\u00f1os y mobiliario, adem\u00e1s de que se realizaron trabajos de mantenimiento y pintura, es un ejemplo del esfuerzo que ha hecho la alcald\u00eda para impulsar el desarrollo \u00f3ptimo de las y los alumnos en Benito Ju\u00e1rez. En este sentido, la directora del plantel, Mar\u00eda de Lourdes Garc\u00eda Zavala, reconoci\u00f3 y agradeci\u00f3 estos apoyos.<\/p>\n\n\n\n<p>\u201cNo quiero perder la oportunidad de que sepan ustedes que la alcald\u00eda es real, nos han apoyado bastante y la prueba est\u00e1 en que este ciclo escolar todos los salones van a estrenar pizarrones nuevos gracias al alcalde.\u201d<\/p>\n\n\n\n<p>Como parte de este compromiso, el alcalde de Benito Ju\u00e1rez inaugur\u00f3 dos de los nueve arco techos que fueron construidos por la alcald\u00eda para este nuevo ciclo escolar, en los que se invirtieron m\u00e1s de 11 millones de pesos, los cuales servir\u00e1n para proteger a los estudiantes del sol y la lluvia, as\u00ed como para desarrollar sus actividades al aire libre.<\/p>\n\n\n\n<p>\u201cM\u00e1s all\u00e1 de que la alcald\u00eda propiamente no recibe recursos para el tema de instituciones educativas, nosotros nunca dijimos que no nos toca. Queremos generar comunidad con todos ustedes, con todos los que est\u00e1n en Benito Ju\u00e1rez, para que de alguna manera generemos mejores condiciones. Lo hacemos con mucho cari\u00f1o, con toda la pasi\u00f3n, con toda la entrega, para que ustedes puedan tener la mejor infraestructura.\u201d<\/p>\n\n\n\n<p><strong>#ElCapitalinoVIP<\/strong> &#8211; <a href=\"https:\/\/www.facebook.com\/ElCapitalinoVIP\/\"><strong>El Capitalino VIP<\/strong><\/a><\/p>\n","protected":false},"excerpt":{"rendered":"<p>#BenitoJu\u00e1rez, #CDMX.- En el marco del inicio del ciclo escolar 2024-2025, en el que regresaron m\u00e1s de 33 mil alumnas<\/p>\n","protected":false},"author":4,"featured_media":6765,"comment_status":"open","ping_status":"open","sticky":false,"template":"","format":"standard","meta":{"colormag_page_container_layout":"default_layout","colormag_page_sidebar_layout":"default_layout","rop_custom_images_group":[],"rop_custom_messages_group":[],"rop_publish_now":"yes","rop_publish_now_accounts":{"facebook_110999734738224_105959668530459":""},"rop_publish_now_history":[],"rop_publish_now_status":"pending","footnotes":""},"categories":[11],"tags":[20,29,23,26,25,24],"class_list":["post-6764","post","type-post","status-publish","format-standard","has-post-thumbnail","hentry","category-alcaldias-destacadas","tag-ciudad-de-mexico","tag-el-capitalino-vip","tag-enterate","tag-redes-sociales","tag-ultima-hora","tag-ultimas-noticias"],"_links":{"self":[{"href":"https:\/\/elcapitalino.vip\/index.php?rest_route=\/wp\/v2\/posts\/6764","targetHints":{"allow":["GET"]}}],"collection":[{"href":"https:\/\/elcapitalino.vip\/index.php?rest_route=\/wp\/v2\/posts"}],"about":[{"href":"https:\/\/elcapitalino.vip\/index.php?rest_route=\/wp\/v2\/types\/post"}],"author":[{"embeddable":true,"href":"https:\/\/elcapitalino.vip\/index.php?rest_route=\/wp\/v2\/users\/4"}],"replies":[{"embeddable":true,"href":"https:\/\/elcapitalino.vip\/index.php?rest_route=%2Fwp%2Fv2%2Fcomments&post=6764"}],"version-history":[{"count":1,"href":"https:\/\/elcapitalino.vip\/index.php?rest_route=\/wp\/v2\/posts\/6764\/revisions"}],"predecessor-version":[{"id":6766,"href":"https:\/\/elcapitalino.vip\/index.php?rest_route=\/wp\/v2\/posts\/6764\/revisions\/6766"}],"wp:featuredmedia":[{"embeddable":true,"href":"https:\/\/elcapitalino.vip\/index.php?rest_route=\/wp\/v2\/media\/6765"}],"wp:attachment":[{"href":"https:\/\/elcapitalino.vip\/index.php?rest_route=%2Fwp%2Fv2%2Fmedia&parent=6764"}],"wp:term":[{"taxonomy":"category","embeddable":true,"href":"https:\/\/elcapitalino.vip\/index.php?rest_route=%2Fwp%2Fv2%2Fcategories&post=6764"},{"taxonomy":"post_tag","embeddable":true,"href":"https:\/\/elcapitalino.vip\/index.php?rest_route=%2Fwp%2Fv2%2Ftags&post=6764"}],"curies":[{"name":"wp","href":"https:\/\/api.w.org\/{rel}","templated":true}]}}