{"id":6748,"date":"2024-08-19T19:53:33","date_gmt":"2024-08-20T01:53:33","guid":{"rendered":"https:\/\/elcapitalino.vip\/?p=6748"},"modified":"2024-08-19T19:53:34","modified_gmt":"2024-08-20T01:53:34","slug":"indeporte-anuncia-cancelacion-del-cicloton-de-agosto-por-maraton-de-la-ciudad-de-mexico-2024-gobcdmx","status":"publish","type":"post","link":"https:\/\/elcapitalino.vip\/?p=6748","title":{"rendered":"INDEPORTE anuncia cancelaci\u00f3n del Ciclot\u00f3n de agosto por marat\u00f3n de la Ciudad de M\u00e9xico 2024 \/ @GobCDMX >>>"},"content":{"rendered":"\n<p><strong>#CDMX<\/strong>.- El Instituto del Deporte de la Ciudad de M\u00e9xico (INDEPORTE) informa a la ciudadan\u00eda que este \u00faltimo domingo del mes, se suspende el Ciclot\u00f3n correspondiente al mes de agosto debido a que el pr\u00f3ximo d\u00eda 25 se llevar\u00e1 a cabo el Marat\u00f3n Telcel de la Ciudad de M\u00e9xico 2024.<\/p>\n\n\n\n<p>La XLI edici\u00f3n del Marat\u00f3n Telcel 2024 de la Ciudad de M\u00e9xico recibir\u00e1 a 30 mil corredoras y corredores por las principales vialidades de la capital del pa\u00eds, por lo que el pr\u00f3ximo Ciclot\u00f3n que se realizar\u00e1 tendr\u00e1 lugar hasta el 29 de septiembre.<\/p>\n\n\n\n<p>La ruta del Marat\u00f3n, que comprende 42,195 metros, tendr\u00e1 salida en Av. Insurgentes Sur entre el edificio de la Biblioteca Central y el Estadio Ol\u00edmpico Universitario con meta en el z\u00f3calo de la Ciudad de M\u00e9xico.<\/p>\n\n\n\n<p>El banderazo de salida ser\u00e1 a las 5:45 de la ma\u00f1ana para participantes en silla de ruedas y d\u00e9biles visuales, mientras que los bloques \u00c9lite Femenil 5:50, \u00c9lite Varonil a las 6:00 horas y para corredores del bloque A el arranque est\u00e1 programado para las 6:00 horas, 6:15 para el Bloque B y 6:30 para el Bloque C.<\/p>\n\n\n\n<p>La competencia se desarrollar\u00e1 en las ramas varonil y femenil en las categor\u00edas Libre (18-34 a\u00f1os), M\u00e1ster (35-39 a\u00f1os), Veteranos (40-44 a\u00f1os), Veteranos II (45-49), Veteranos III (50-54 a\u00f1os), Veteranos IV (55-59 a\u00f1os), Veteranos V (60-64 a\u00f1os) y Veteranos VI (65 a\u00f1os y m\u00e1s).<\/p>\n\n\n\n<p>Los maratonistas recorrer\u00e1n Insurgentes Sur, desde la altura del Estadio Ol\u00edmpico Universitario, hasta la Condesa, Chapultepec, Polanco, Paseo de la Reforma direcci\u00f3n norte, Monumento a la Revoluci\u00f3n, Reforma Norte, por Avenida Ju\u00e1rez, hasta el Centro Hist\u00f3rico para concluir en el Z\u00f3calo.<\/p>\n\n\n\n<p><strong>#ElCapitalinoVIP<\/strong> &#8211; <a href=\"https:\/\/www.facebook.com\/ElCapitalinoVIP\/\"><strong>El Capitalino VIP<\/strong><\/a><\/p>\n","protected":false},"excerpt":{"rendered":"<p>#CDMX.- El Instituto del Deporte de la Ciudad de M\u00e9xico (INDEPORTE) informa a la ciudadan\u00eda que este \u00faltimo domingo del<\/p>\n","protected":false},"author":4,"featured_media":6749,"comment_status":"open","ping_status":"open","sticky":false,"template":"","format":"standard","meta":{"colormag_page_container_layout":"default_layout","colormag_page_sidebar_layout":"default_layout","rop_custom_images_group":[],"rop_custom_messages_group":[],"rop_publish_now":"yes","rop_publish_now_accounts":{"facebook_110999734738224_105959668530459":""},"rop_publish_now_history":[],"rop_publish_now_status":"pending","footnotes":""},"categories":[114],"tags":[20,29,23,26,25,24],"class_list":["post-6748","post","type-post","status-publish","format-standard","has-post-thumbnail","hentry","category-legisladores","tag-ciudad-de-mexico","tag-el-capitalino-vip","tag-enterate","tag-redes-sociales","tag-ultima-hora","tag-ultimas-noticias"],"_links":{"self":[{"href":"https:\/\/elcapitalino.vip\/index.php?rest_route=\/wp\/v2\/posts\/6748","targetHints":{"allow":["GET"]}}],"collection":[{"href":"https:\/\/elcapitalino.vip\/index.php?rest_route=\/wp\/v2\/posts"}],"about":[{"href":"https:\/\/elcapitalino.vip\/index.php?rest_route=\/wp\/v2\/types\/post"}],"author":[{"embeddable":true,"href":"https:\/\/elcapitalino.vip\/index.php?rest_route=\/wp\/v2\/users\/4"}],"replies":[{"embeddable":true,"href":"https:\/\/elcapitalino.vip\/index.php?rest_route=%2Fwp%2Fv2%2Fcomments&post=6748"}],"version-history":[{"count":1,"href":"https:\/\/elcapitalino.vip\/index.php?rest_route=\/wp\/v2\/posts\/6748\/revisions"}],"predecessor-version":[{"id":6750,"href":"https:\/\/elcapitalino.vip\/index.php?rest_route=\/wp\/v2\/posts\/6748\/revisions\/6750"}],"wp:featuredmedia":[{"embeddable":true,"href":"https:\/\/elcapitalino.vip\/index.php?rest_route=\/wp\/v2\/media\/6749"}],"wp:attachment":[{"href":"https:\/\/elcapitalino.vip\/index.php?rest_route=%2Fwp%2Fv2%2Fmedia&parent=6748"}],"wp:term":[{"taxonomy":"category","embeddable":true,"href":"https:\/\/elcapitalino.vip\/index.php?rest_route=%2Fwp%2Fv2%2Fcategories&post=6748"},{"taxonomy":"post_tag","embeddable":true,"href":"https:\/\/elcapitalino.vip\/index.php?rest_route=%2Fwp%2Fv2%2Ftags&post=6748"}],"curies":[{"name":"wp","href":"https:\/\/api.w.org\/{rel}","templated":true}]}}