{"id":6736,"date":"2024-08-19T14:50:02","date_gmt":"2024-08-19T20:50:02","guid":{"rendered":"https:\/\/elcapitalino.vip\/?p=6736"},"modified":"2024-08-19T14:50:03","modified_gmt":"2024-08-19T20:50:03","slug":"realizan-la-carrera-familiar-en-iztacalco-participan-mas-de-250-personas-a_quinteromx-iztacalcoal","status":"publish","type":"post","link":"https:\/\/elcapitalino.vip\/?p=6736","title":{"rendered":"Realizan la Carrera Familiar en Iztacalco; participan m\u00e1s de 250 personas \/ @A_QuinteroMX @IztacalcoAl >>>"},"content":{"rendered":"\n<p><strong>#Iztacalco, #CDMX<\/strong>.- La alcald\u00eda de Iztacalco a trav\u00e9s de la Coordinaci\u00f3n de Derechos Recreativos y la Empresa MG realizaron la Carrera Familiar de 4 KM, en la cual se premi\u00f3 con medallas a los primeros 100 corredores que cruzaron la meta, 250 personas participaron en este evento deportivo.<\/p>\n\n\n\n<p>La administraci\u00f3n de Iztacalco promueve las actividades deportivas y la convivencia familiar.<\/p>\n\n\n\n<p><strong>#ElCapitalinoVIP<\/strong> &#8211; <a href=\"https:\/\/www.facebook.com\/ElCapitalinoVIP\/\"><strong>El Capitalino VIP<\/strong><\/a><\/p>\n","protected":false},"excerpt":{"rendered":"<p>#Iztacalco, #CDMX.- La alcald\u00eda de Iztacalco a trav\u00e9s de la Coordinaci\u00f3n de Derechos Recreativos y la Empresa MG realizaron la<\/p>\n","protected":false},"author":4,"featured_media":6737,"comment_status":"open","ping_status":"open","sticky":false,"template":"","format":"standard","meta":{"colormag_page_container_layout":"default_layout","colormag_page_sidebar_layout":"default_layout","rop_custom_images_group":[],"rop_custom_messages_group":[],"rop_publish_now":"yes","rop_publish_now_accounts":{"facebook_110999734738224_105959668530459":""},"rop_publish_now_history":[],"rop_publish_now_status":"pending","footnotes":""},"categories":[10],"tags":[91,20,29,23,26,25,24],"class_list":["post-6736","post","type-post","status-publish","format-standard","has-post-thumbnail","hentry","category-alcaldias","tag-alcaldia-iztacalco","tag-ciudad-de-mexico","tag-el-capitalino-vip","tag-enterate","tag-redes-sociales","tag-ultima-hora","tag-ultimas-noticias"],"_links":{"self":[{"href":"https:\/\/elcapitalino.vip\/index.php?rest_route=\/wp\/v2\/posts\/6736","targetHints":{"allow":["GET"]}}],"collection":[{"href":"https:\/\/elcapitalino.vip\/index.php?rest_route=\/wp\/v2\/posts"}],"about":[{"href":"https:\/\/elcapitalino.vip\/index.php?rest_route=\/wp\/v2\/types\/post"}],"author":[{"embeddable":true,"href":"https:\/\/elcapitalino.vip\/index.php?rest_route=\/wp\/v2\/users\/4"}],"replies":[{"embeddable":true,"href":"https:\/\/elcapitalino.vip\/index.php?rest_route=%2Fwp%2Fv2%2Fcomments&post=6736"}],"version-history":[{"count":1,"href":"https:\/\/elcapitalino.vip\/index.php?rest_route=\/wp\/v2\/posts\/6736\/revisions"}],"predecessor-version":[{"id":6738,"href":"https:\/\/elcapitalino.vip\/index.php?rest_route=\/wp\/v2\/posts\/6736\/revisions\/6738"}],"wp:featuredmedia":[{"embeddable":true,"href":"https:\/\/elcapitalino.vip\/index.php?rest_route=\/wp\/v2\/media\/6737"}],"wp:attachment":[{"href":"https:\/\/elcapitalino.vip\/index.php?rest_route=%2Fwp%2Fv2%2Fmedia&parent=6736"}],"wp:term":[{"taxonomy":"category","embeddable":true,"href":"https:\/\/elcapitalino.vip\/index.php?rest_route=%2Fwp%2Fv2%2Fcategories&post=6736"},{"taxonomy":"post_tag","embeddable":true,"href":"https:\/\/elcapitalino.vip\/index.php?rest_route=%2Fwp%2Fv2%2Ftags&post=6736"}],"curies":[{"name":"wp","href":"https:\/\/api.w.org\/{rel}","templated":true}]}}