{"id":6715,"date":"2024-08-16T13:51:59","date_gmt":"2024-08-16T19:51:59","guid":{"rendered":"https:\/\/elcapitalino.vip\/?p=6715"},"modified":"2024-08-16T13:52:00","modified_gmt":"2024-08-16T19:52:00","slug":"publica-semovi-conteo-ciclista-2024-que-refleja-un-aumento-de-viajes-en-bicicleta-en-la-ciudad-de-mexico-gobcdmx","status":"publish","type":"post","link":"https:\/\/elcapitalino.vip\/?p=6715","title":{"rendered":"Publica SEMOVI conteo ciclista 2024, que refleja un aumento de viajes en bicicleta en la Ciudad de M\u00e9xico \/ @GobCDMX >>>"},"content":{"rendered":"\n<p><strong>#CDMX<\/strong>.- La Secretar\u00eda de Movilidad (SEMOVI) informa que, a partir de hoy, estar\u00e1 disponible en su sitio web el documento \u201cConteo Ciclista 2024\u201d, para dar a conocer el n\u00famero de viajes ciclistas en la Ciudad de M\u00e9xico y su comparaci\u00f3n con respecto de 2018.<\/p>\n\n\n\n<p>El Conteo Ciclista 2024 refleja un aumento en el n\u00famero de traslados realizados en este modo de transporte, al pasar de 267 mil viajes diarios en 2018, a 456 mil 892 viajes en 2024.<\/p>\n\n\n\n<p>El crecimiento en el n\u00famero de personas que utilizan la bicicleta como modo de transporte se debe principalmente al desarrollo de infraestructura y equipamiento en favor de la movilidad sustentable, a trav\u00e9s de proyectos desarrollados durante la presente administraci\u00f3n, como la habilitaci\u00f3n de m\u00e1s de 340 kil\u00f3metros de ciclov\u00edas, la construcci\u00f3n de seis biciestacionamientos, el reforzamiento de programas como la Biciescuela y las expansiones del Paseo Dominical Mu\u00e9vete en Bici y del Sistema de Bicicletas P\u00fablicas ECOBICI.<\/p>\n\n\n\n<p>Cabe mencionar que este estudio se realiz\u00f3 en d\u00edas h\u00e1biles de mayo y la poblaci\u00f3n objetivo fueron todos aquellos que realizan al menos un viaje en bicicleta.<\/p>\n\n\n\n<p>Para llevarlo a cabo, se eligieron 120 puntos donde se registra alta afluencia ciclista, entre ellos las ciclov\u00edas Camarones, Guelatao, Insurgentes, Eduardo Molina, Revoluci\u00f3n, Patriotismo, as\u00ed como el sendero compartido de Reforma y los carriles Bus-Bici de Eje 7 Sur, Eje 3 Sur, entre otros.<\/p>\n\n\n\n<p><strong>#ElCapitalinoVIP<\/strong> &#8211; <a href=\"https:\/\/www.facebook.com\/ElCapitalinoVIP\/\"><strong>El Capitalino VIP<\/strong><\/a><\/p>\n","protected":false},"excerpt":{"rendered":"<p>#CDMX.- La Secretar\u00eda de Movilidad (SEMOVI) informa que, a partir de hoy, estar\u00e1 disponible en su sitio web el documento<\/p>\n","protected":false},"author":4,"featured_media":6716,"comment_status":"open","ping_status":"open","sticky":false,"template":"","format":"standard","meta":{"colormag_page_container_layout":"default_layout","colormag_page_sidebar_layout":"default_layout","rop_custom_images_group":[],"rop_custom_messages_group":[],"rop_publish_now":"yes","rop_publish_now_accounts":{"facebook_110999734738224_105959668530459":""},"rop_publish_now_history":[],"rop_publish_now_status":"pending","footnotes":""},"categories":[16],"tags":[20,29,23,26,25,24],"class_list":["post-6715","post","type-post","status-publish","format-standard","has-post-thumbnail","hentry","category-ultima-hora","tag-ciudad-de-mexico","tag-el-capitalino-vip","tag-enterate","tag-redes-sociales","tag-ultima-hora","tag-ultimas-noticias"],"_links":{"self":[{"href":"https:\/\/elcapitalino.vip\/index.php?rest_route=\/wp\/v2\/posts\/6715","targetHints":{"allow":["GET"]}}],"collection":[{"href":"https:\/\/elcapitalino.vip\/index.php?rest_route=\/wp\/v2\/posts"}],"about":[{"href":"https:\/\/elcapitalino.vip\/index.php?rest_route=\/wp\/v2\/types\/post"}],"author":[{"embeddable":true,"href":"https:\/\/elcapitalino.vip\/index.php?rest_route=\/wp\/v2\/users\/4"}],"replies":[{"embeddable":true,"href":"https:\/\/elcapitalino.vip\/index.php?rest_route=%2Fwp%2Fv2%2Fcomments&post=6715"}],"version-history":[{"count":1,"href":"https:\/\/elcapitalino.vip\/index.php?rest_route=\/wp\/v2\/posts\/6715\/revisions"}],"predecessor-version":[{"id":6717,"href":"https:\/\/elcapitalino.vip\/index.php?rest_route=\/wp\/v2\/posts\/6715\/revisions\/6717"}],"wp:featuredmedia":[{"embeddable":true,"href":"https:\/\/elcapitalino.vip\/index.php?rest_route=\/wp\/v2\/media\/6716"}],"wp:attachment":[{"href":"https:\/\/elcapitalino.vip\/index.php?rest_route=%2Fwp%2Fv2%2Fmedia&parent=6715"}],"wp:term":[{"taxonomy":"category","embeddable":true,"href":"https:\/\/elcapitalino.vip\/index.php?rest_route=%2Fwp%2Fv2%2Fcategories&post=6715"},{"taxonomy":"post_tag","embeddable":true,"href":"https:\/\/elcapitalino.vip\/index.php?rest_route=%2Fwp%2Fv2%2Ftags&post=6715"}],"curies":[{"name":"wp","href":"https:\/\/api.w.org\/{rel}","templated":true}]}}