{"id":6703,"date":"2024-08-14T19:23:53","date_gmt":"2024-08-15T01:23:53","guid":{"rendered":"https:\/\/elcapitalino.vip\/?p=6703"},"modified":"2024-08-14T19:23:54","modified_gmt":"2024-08-15T01:23:54","slug":"rehabilita-gobierno-capitalino-glorieta-de-insurgentes-con-una-inversion-de-12-2-millones-de-pesos-gobcdmx","status":"publish","type":"post","link":"https:\/\/elcapitalino.vip\/?p=6703","title":{"rendered":"Rehabilita Gobierno Capitalino Glorieta de Insurgentes, con una inversi\u00f3n de 12.2 millones de pesos \/ @GobCDMX >>>"},"content":{"rendered":"\n<p><strong>#CDMX<\/strong>.- El Jefe de Gobierno, Mart\u00ed Batres Guadarrama, inform\u00f3 que, como parte del rescate social y f\u00edsico de la Glorieta de Insurgentes, el Gobierno de la Ciudad de M\u00e9xico rehabilita este espacio p\u00fablico con una inversi\u00f3n de 12 millones 200 mil pesos que contempla la intervenci\u00f3n de 12 mil 551 metros de superficie.<\/p>\n\n\n\n<p>\u201cSigue avanzando el rescate de la Glorieta de Insurgentes. Es una glorieta muy importante, para empezar, porque es un gran espacio p\u00fablico; est\u00e1 ubicado en un lugar que es al mismo tiempo tur\u00edstico, habitacional, comercial, es una zona importante de restaurantes y es una zona con una vida cultural intensa. Por otro lado, es un espacio de transbordo del transporte p\u00fablico muy importante tambi\u00e9n, porque ah\u00ed confluyen el Metrob\u00fas, el Metro y otros sistemas de transporte p\u00fablico. Se est\u00e1 realizando un rescate, primero, de car\u00e1cter social, y este se ha venido haciendo, sobre todo, privilegiando el di\u00e1logo con los diversos sectores, grupos que ocupaban la glorieta. Y por otra parte, se est\u00e1 haciendo un rescate f\u00edsico de la Glorieta con una inversi\u00f3n de 12 millones 200 mil pesos, y en una extensi\u00f3n de 12 mil metros cuadrados\u201d, expres\u00f3.<\/p>\n\n\n\n<p>En conferencia de prensa, detall\u00f3 que en la rehabilitaci\u00f3n participan las Secretar\u00edas de Gobierno (SECGOB); Seguridad Ciudadana (SSC); Obras y Servicios (SOBSE); Desarrollo Urbano y Vivienda (SEDUVI); Bienestar e Igualdad Social (SEBIEN), a trav\u00e9s de la Direcci\u00f3n de Diversidad Sexual; Movilidad (SEMOVI), as\u00ed como el Sistema de Transporte Colectivo (STC) Metro.<\/p>\n\n\n\n<p>La intervenci\u00f3n contempla la sustituci\u00f3n de luminarias por tecnolog\u00eda LED, pintura, mejoramiento de \u00e1reas verdes, renivelaci\u00f3n de los respiraderos del Metro, la restauraci\u00f3n del Monumento \u201cEl Sereno\u201d, eliminaci\u00f3n de grafitis de muros; as\u00ed como la configuraci\u00f3n de tres nuevos espacios.<\/p>\n\n\n\n<p><strong>#ElCapitalinoVIP<\/strong> &#8211; <a href=\"https:\/\/www.facebook.com\/ElCapitalinoVIP\/\"><strong>El Capitalino VIP<\/strong><\/a><\/p>\n","protected":false},"excerpt":{"rendered":"<p>#CDMX.- El Jefe de Gobierno, Mart\u00ed Batres Guadarrama, inform\u00f3 que, como parte del rescate social y f\u00edsico de la Glorieta<\/p>\n","protected":false},"author":4,"featured_media":6704,"comment_status":"open","ping_status":"open","sticky":false,"template":"","format":"standard","meta":{"colormag_page_container_layout":"default_layout","colormag_page_sidebar_layout":"default_layout","rop_custom_images_group":[],"rop_custom_messages_group":[],"rop_publish_now":"yes","rop_publish_now_accounts":{"facebook_110999734738224_105959668530459":""},"rop_publish_now_history":[],"rop_publish_now_status":"pending","footnotes":""},"categories":[16],"tags":[20,29,23,26,25,24],"class_list":["post-6703","post","type-post","status-publish","format-standard","has-post-thumbnail","hentry","category-ultima-hora","tag-ciudad-de-mexico","tag-el-capitalino-vip","tag-enterate","tag-redes-sociales","tag-ultima-hora","tag-ultimas-noticias"],"_links":{"self":[{"href":"https:\/\/elcapitalino.vip\/index.php?rest_route=\/wp\/v2\/posts\/6703","targetHints":{"allow":["GET"]}}],"collection":[{"href":"https:\/\/elcapitalino.vip\/index.php?rest_route=\/wp\/v2\/posts"}],"about":[{"href":"https:\/\/elcapitalino.vip\/index.php?rest_route=\/wp\/v2\/types\/post"}],"author":[{"embeddable":true,"href":"https:\/\/elcapitalino.vip\/index.php?rest_route=\/wp\/v2\/users\/4"}],"replies":[{"embeddable":true,"href":"https:\/\/elcapitalino.vip\/index.php?rest_route=%2Fwp%2Fv2%2Fcomments&post=6703"}],"version-history":[{"count":1,"href":"https:\/\/elcapitalino.vip\/index.php?rest_route=\/wp\/v2\/posts\/6703\/revisions"}],"predecessor-version":[{"id":6705,"href":"https:\/\/elcapitalino.vip\/index.php?rest_route=\/wp\/v2\/posts\/6703\/revisions\/6705"}],"wp:featuredmedia":[{"embeddable":true,"href":"https:\/\/elcapitalino.vip\/index.php?rest_route=\/wp\/v2\/media\/6704"}],"wp:attachment":[{"href":"https:\/\/elcapitalino.vip\/index.php?rest_route=%2Fwp%2Fv2%2Fmedia&parent=6703"}],"wp:term":[{"taxonomy":"category","embeddable":true,"href":"https:\/\/elcapitalino.vip\/index.php?rest_route=%2Fwp%2Fv2%2Fcategories&post=6703"},{"taxonomy":"post_tag","embeddable":true,"href":"https:\/\/elcapitalino.vip\/index.php?rest_route=%2Fwp%2Fv2%2Ftags&post=6703"}],"curies":[{"name":"wp","href":"https:\/\/api.w.org\/{rel}","templated":true}]}}