{"id":6669,"date":"2024-08-09T21:17:43","date_gmt":"2024-08-10T03:17:43","guid":{"rendered":"https:\/\/elcapitalino.vip\/?p=6669"},"modified":"2024-08-09T21:17:43","modified_gmt":"2024-08-10T03:17:43","slug":"reitera-mauricio-tabe-llamado-a-gcdmx-para-rehabilitar-rio-san-joaquin-mauriciotabe-alcaldiamhmx","status":"publish","type":"post","link":"https:\/\/elcapitalino.vip\/?p=6669","title":{"rendered":"Reitera Mauricio Tabe llamado a GCDMX para rehabilitar R\u00edo San Joaqu\u00edn \/ @mauriciotabe @AlcaldiaMHmx >>>"},"content":{"rendered":"\n<p><strong>#MiguelHidalgo, #CDMX<\/strong>.- El alcalde Mauricio Tabe hizo nuevamente un llamado al Gobierno de la Ciudad de M\u00e9xico para rehabilitar los da\u00f1os causados por las obras que realiz\u00f3 SACMEX sobre la lateral de R\u00edo San Joaqu\u00edn y Presa Falc\u00f3n y que provocan problemas de vialidad y molestias a los vecinos de la zona.<\/p>\n\n\n\n<p>El titular de la Miguel Hidalgo refiri\u00f3 que estas obras duraron a\u00f1os y al terminarlas, no consideraron repavimentar estas avenidas, dejaron baches, coladeras abiertas e incluso a\u00fan hay zonas acordonadas que son de alto riesgo y que pueden provocar un accidente.<\/p>\n\n\n\n<p>\u201cEstaban haciendo obras de drenaje, de red hidr\u00e1ulica y cuando terminaron la obra la cerraron, pero no la reencarpetaron, ni aplanaron bien el terreno\u201d, sostuvo.<\/p>\n\n\n\n<p>\u00c9sta no es la primera ocasi\u00f3n en la que Tabe insta al Gobierno capitalino a concluir estas obras, pero ante la falta de respuesta de las autoridades capitalinas, ahora pidi\u00f3 a las y los miguelhidalguenses sumarse al llamado y mandar mensajes externando la necesidad de esta rehabilitaci\u00f3n.<\/p>\n\n\n\n<p>\u201cLes quiero pedir un favor a todos, por favor hagamos llegar un mensaje a trav\u00e9s de las redes sociales de X, Facebook e Instagram, al Gobierno de la Ciudad, al Jefe de Gobierno y al Director del Sistema de Aguas que urge que arreglen R\u00edo San Joaqu\u00edn, entre todos vamos a levantar la voz\u201d, exhort\u00f3.<\/p>\n\n\n\n<p><strong>#ElCapitalinoVIP<\/strong> &#8211; <a href=\"https:\/\/www.facebook.com\/ElCapitalinoVIP\/\"><strong>El Capitalino VIP<\/strong><\/a><\/p>\n","protected":false},"excerpt":{"rendered":"<p>#MiguelHidalgo, #CDMX.- El alcalde Mauricio Tabe hizo nuevamente un llamado al Gobierno de la Ciudad de M\u00e9xico para rehabilitar los<\/p>\n","protected":false},"author":4,"featured_media":6670,"comment_status":"open","ping_status":"open","sticky":false,"template":"","format":"standard","meta":{"colormag_page_container_layout":"default_layout","colormag_page_sidebar_layout":"default_layout","rop_custom_images_group":[],"rop_custom_messages_group":[],"rop_publish_now":"yes","rop_publish_now_accounts":{"facebook_110999734738224_105959668530459":""},"rop_publish_now_history":[],"rop_publish_now_status":"pending","footnotes":""},"categories":[11],"tags":[39,20,29,23,26,25,24],"class_list":["post-6669","post","type-post","status-publish","format-standard","has-post-thumbnail","hentry","category-alcaldias-destacadas","tag-alcaldia-miguel-hidalgo","tag-ciudad-de-mexico","tag-el-capitalino-vip","tag-enterate","tag-redes-sociales","tag-ultima-hora","tag-ultimas-noticias"],"_links":{"self":[{"href":"https:\/\/elcapitalino.vip\/index.php?rest_route=\/wp\/v2\/posts\/6669","targetHints":{"allow":["GET"]}}],"collection":[{"href":"https:\/\/elcapitalino.vip\/index.php?rest_route=\/wp\/v2\/posts"}],"about":[{"href":"https:\/\/elcapitalino.vip\/index.php?rest_route=\/wp\/v2\/types\/post"}],"author":[{"embeddable":true,"href":"https:\/\/elcapitalino.vip\/index.php?rest_route=\/wp\/v2\/users\/4"}],"replies":[{"embeddable":true,"href":"https:\/\/elcapitalino.vip\/index.php?rest_route=%2Fwp%2Fv2%2Fcomments&post=6669"}],"version-history":[{"count":1,"href":"https:\/\/elcapitalino.vip\/index.php?rest_route=\/wp\/v2\/posts\/6669\/revisions"}],"predecessor-version":[{"id":6671,"href":"https:\/\/elcapitalino.vip\/index.php?rest_route=\/wp\/v2\/posts\/6669\/revisions\/6671"}],"wp:featuredmedia":[{"embeddable":true,"href":"https:\/\/elcapitalino.vip\/index.php?rest_route=\/wp\/v2\/media\/6670"}],"wp:attachment":[{"href":"https:\/\/elcapitalino.vip\/index.php?rest_route=%2Fwp%2Fv2%2Fmedia&parent=6669"}],"wp:term":[{"taxonomy":"category","embeddable":true,"href":"https:\/\/elcapitalino.vip\/index.php?rest_route=%2Fwp%2Fv2%2Fcategories&post=6669"},{"taxonomy":"post_tag","embeddable":true,"href":"https:\/\/elcapitalino.vip\/index.php?rest_route=%2Fwp%2Fv2%2Ftags&post=6669"}],"curies":[{"name":"wp","href":"https:\/\/api.w.org\/{rel}","templated":true}]}}