{"id":662,"date":"2022-01-21T18:45:00","date_gmt":"2022-01-22T00:45:00","guid":{"rendered":"http:\/\/elcapitalino.vip\/?p=662"},"modified":"2022-01-21T12:48:47","modified_gmt":"2022-01-21T18:48:47","slug":"concluyo-exitosamente-el-concurso-de-fotografia-mi-cable-bus-a-la-vista","status":"publish","type":"post","link":"https:\/\/elcapitalino.vip\/?p=662","title":{"rendered":"Concluy\u00f3 exitosamente el concurso de Fotograf\u00eda \u201cMi Cable b\u00fas a La Vista\u201d"},"content":{"rendered":"\n<p><strong>#CiudadDeM\u00e9xico<\/strong>.- El Gobierno de la Ciudad de M\u00e9xico informa que concluy\u00f3 exitosamente el concurso de Fotograf\u00eda \u201cMiCableb\u00fasALaVista\u201d donde fueron enviadas por la ciudadan\u00eda m\u00e1s de 2 mil 200 instant\u00e1neas en total.<\/p>\n\n\n\n<p>Para enterarse de todos los detalles visitar la p\u00e1gina web: <a rel=\"noreferrer noopener\" href=\"https:\/\/l.facebook.com\/l.php?u=https%3A%2F%2Fbit.ly%2F3tfnDKk%3Ffbclid%3DIwAR2m9zT9iTBQlGQnUXLU3pgQmIrn-2MH_FsYJdBGjkSj0rmh1O_risaPENg&amp;h=AT0Jg5i_iP1cZxuw9ODNP0TaNVguHQQk2hl2qeNDOQ08zNf0kBaAQi8ksGkduKnVwuPjjtCeO88H0tSUJw5kLwqLVyD6WcElgU67xAwRQT12OLJ4-1MkAdxafPGZT4Q7sDwYZnhuGokGKb2YcQ&amp;__tn__=-UK-R&amp;c[0]=AT0ecCyhHnoxgOWWORHCsul6weVU595rP6JoDk6LjW0CYT7OJ55jf-CsoJHyv2I1ja4c8hcD4b-Dx_uQXMfuEEx0hykGbXXlORqZfOqaPLe6CncNUPDzAAaqp1CsnDeczrDFRY03EM0zw6VfGR0uVC_ybxKM-VqJtp3rP1IsBTSqyyY\" target=\"_blank\">https:\/\/bit.ly\/3tfnDKk<\/a> <\/p>\n\n\n\n<div class=\"wp-block-image\"><figure class=\"aligncenter size-large is-resized\"><img loading=\"lazy\" decoding=\"async\" src=\"http:\/\/elcapitalino.vip\/wp-content\/uploads\/2022\/01\/secre2-1024x682.jpg\" alt=\"\" class=\"wp-image-663\" width=\"525\" height=\"350\"\/><\/figure><\/div>\n\n\n\n<p><strong>#ElCapitalinoVip<\/strong><\/p>\n","protected":false},"excerpt":{"rendered":"<p>#CiudadDeM\u00e9xico.- El Gobierno de la Ciudad de M\u00e9xico informa que concluy\u00f3 exitosamente el concurso de Fotograf\u00eda \u201cMiCableb\u00fasALaVista\u201d donde fueron enviadas<\/p>\n","protected":false},"author":4,"featured_media":0,"comment_status":"open","ping_status":"open","sticky":false,"template":"","format":"standard","meta":{"colormag_page_container_layout":"default_layout","colormag_page_sidebar_layout":"default_layout","rop_custom_images_group":[],"rop_custom_messages_group":[],"rop_publish_now":"initial","rop_publish_now_accounts":{"facebook_110999734738224_105959668530459":""},"rop_publish_now_history":[],"rop_publish_now_status":"pending","footnotes":""},"categories":[14],"tags":[20,19,29,23,21,26,25,24],"class_list":["post-662","post","type-post","status-publish","format-standard","hentry","category-secretarias","tag-ciudad-de-mexico","tag-claudia-sheinbaum","tag-el-capitalino-vip","tag-enterate","tag-gobierno-de-la-ciudad-de-mexico","tag-redes-sociales","tag-ultima-hora","tag-ultimas-noticias"],"_links":{"self":[{"href":"https:\/\/elcapitalino.vip\/index.php?rest_route=\/wp\/v2\/posts\/662","targetHints":{"allow":["GET"]}}],"collection":[{"href":"https:\/\/elcapitalino.vip\/index.php?rest_route=\/wp\/v2\/posts"}],"about":[{"href":"https:\/\/elcapitalino.vip\/index.php?rest_route=\/wp\/v2\/types\/post"}],"author":[{"embeddable":true,"href":"https:\/\/elcapitalino.vip\/index.php?rest_route=\/wp\/v2\/users\/4"}],"replies":[{"embeddable":true,"href":"https:\/\/elcapitalino.vip\/index.php?rest_route=%2Fwp%2Fv2%2Fcomments&post=662"}],"version-history":[{"count":1,"href":"https:\/\/elcapitalino.vip\/index.php?rest_route=\/wp\/v2\/posts\/662\/revisions"}],"predecessor-version":[{"id":665,"href":"https:\/\/elcapitalino.vip\/index.php?rest_route=\/wp\/v2\/posts\/662\/revisions\/665"}],"wp:attachment":[{"href":"https:\/\/elcapitalino.vip\/index.php?rest_route=%2Fwp%2Fv2%2Fmedia&parent=662"}],"wp:term":[{"taxonomy":"category","embeddable":true,"href":"https:\/\/elcapitalino.vip\/index.php?rest_route=%2Fwp%2Fv2%2Fcategories&post=662"},{"taxonomy":"post_tag","embeddable":true,"href":"https:\/\/elcapitalino.vip\/index.php?rest_route=%2Fwp%2Fv2%2Ftags&post=662"}],"curies":[{"name":"wp","href":"https:\/\/api.w.org\/{rel}","templated":true}]}}