{"id":6611,"date":"2024-07-31T20:08:54","date_gmt":"2024-08-01T02:08:54","guid":{"rendered":"https:\/\/elcapitalino.vip\/?p=6611"},"modified":"2024-07-31T20:08:55","modified_gmt":"2024-08-01T02:08:55","slug":"entrega-secgob-al-congreso-capitalino-iniciativa-para-frenar-aumento-excesivo-de-rentas-de-vivienda-en-la-ciudad-gobcdmx","status":"publish","type":"post","link":"https:\/\/elcapitalino.vip\/?p=6611","title":{"rendered":"Entrega SECGOB al Congreso Capitalino iniciativa para frenar aumento excesivo de rentas de vivienda en la ciudad \/ @GobCDMX >>>"},"content":{"rendered":"\n<p><strong>#CDMX<\/strong>.- Por instrucciones del Jefe de Gobierno de la Ciudad de M\u00e9xico, Mart\u00ed Batres Guadarrama, el secretario de Gobierno de la Ciudad de M\u00e9xico (SECGOB), Ricardo Ruiz Su\u00e1rez, entreg\u00f3 formalmente al Congreso capitalino la iniciativa que busca modificar la Ley de Vivienda y el C\u00f3digo Civil del Distrito Federal, con el objetivo de frenar el incremento excesivo y acelerado de las rentas de vivienda en la capital, as\u00ed como impulsar la construcci\u00f3n de vivienda social para renta accesible dirigida a sectores econ\u00f3micamente m\u00e1s vulnerables.<\/p>\n\n\n\n<p>Los servidores p\u00fablicos capitalinos fueron recibidos por la presidencia de la Mesa Directiva del Congreso de la Ciudad de M\u00e9xico, a quien se hizo entrega del proyecto de reforma para que sea sometido al tr\u00e1mite legislativo correspondiente.<\/p>\n\n\n\n<p>La propuesta del Jefe de Gobierno plantea establecer un l\u00edmite para que las rentas no aumenten m\u00e1s all\u00e1 del \u00edndice inflacionario anual, a efecto de hacer frente a los efectos negativos que ha provocado en los \u00faltimos a\u00f1os el encarecimiento del arrendamiento de vivienda.<\/p>\n\n\n\n<p>Para ello, sugiere modificar el Art\u00edculo 2448 D, del C\u00f3digo Civil del Distrito Federal, a fin de se\u00f1alar que \u201cel incremento de la renta nunca ser\u00e1 mayor a la inflaci\u00f3n reportada por el Banco de M\u00e9xico en el a\u00f1o anterior, respecto de la cantidad pactada como renta mensual\u201d.<\/p>\n\n\n\n<p>Asimismo, en el Art\u00edculo 2448 F, se mandata al Gobierno de la Ciudad de M\u00e9xico a crear un registro digital que contenga los contratos de arrendamiento, para lo cual el arrendador deber\u00e1 realizar dicho registro en un plazo no mayor a 30 d\u00edas de celebrado el contrato.<\/p>\n\n\n\n<p>Uno de los ejes fundamentales de esta propuesta es reformar el Art\u00edculo 1 de la Ley de Vivienda para la Ciudad de M\u00e9xico, a fin de dar prioridad a las pol\u00edticas p\u00fablicas que permitan al gobierno capitalino impulsar la producci\u00f3n de vivienda en arrendamiento asequible para las personas de menores ingresos.<\/p>\n\n\n\n<p><strong>#ElCapitalinoVIP<\/strong> &#8211; <a href=\"https:\/\/www.facebook.com\/ElCapitalinoVIP\/\"><strong>El Capitalino VIP<\/strong><\/a><\/p>\n","protected":false},"excerpt":{"rendered":"<p>#CDMX.- Por instrucciones del Jefe de Gobierno de la Ciudad de M\u00e9xico, Mart\u00ed Batres Guadarrama, el secretario de Gobierno de<\/p>\n","protected":false},"author":4,"featured_media":6612,"comment_status":"open","ping_status":"open","sticky":false,"template":"","format":"standard","meta":{"colormag_page_container_layout":"default_layout","colormag_page_sidebar_layout":"default_layout","rop_custom_images_group":[],"rop_custom_messages_group":[],"rop_publish_now":"yes","rop_publish_now_accounts":{"facebook_110999734738224_105959668530459":""},"rop_publish_now_history":[],"rop_publish_now_status":"pending","footnotes":""},"categories":[14],"tags":[20,29,23,26,25,24],"class_list":["post-6611","post","type-post","status-publish","format-standard","has-post-thumbnail","hentry","category-secretarias","tag-ciudad-de-mexico","tag-el-capitalino-vip","tag-enterate","tag-redes-sociales","tag-ultima-hora","tag-ultimas-noticias"],"_links":{"self":[{"href":"https:\/\/elcapitalino.vip\/index.php?rest_route=\/wp\/v2\/posts\/6611","targetHints":{"allow":["GET"]}}],"collection":[{"href":"https:\/\/elcapitalino.vip\/index.php?rest_route=\/wp\/v2\/posts"}],"about":[{"href":"https:\/\/elcapitalino.vip\/index.php?rest_route=\/wp\/v2\/types\/post"}],"author":[{"embeddable":true,"href":"https:\/\/elcapitalino.vip\/index.php?rest_route=\/wp\/v2\/users\/4"}],"replies":[{"embeddable":true,"href":"https:\/\/elcapitalino.vip\/index.php?rest_route=%2Fwp%2Fv2%2Fcomments&post=6611"}],"version-history":[{"count":1,"href":"https:\/\/elcapitalino.vip\/index.php?rest_route=\/wp\/v2\/posts\/6611\/revisions"}],"predecessor-version":[{"id":6613,"href":"https:\/\/elcapitalino.vip\/index.php?rest_route=\/wp\/v2\/posts\/6611\/revisions\/6613"}],"wp:featuredmedia":[{"embeddable":true,"href":"https:\/\/elcapitalino.vip\/index.php?rest_route=\/wp\/v2\/media\/6612"}],"wp:attachment":[{"href":"https:\/\/elcapitalino.vip\/index.php?rest_route=%2Fwp%2Fv2%2Fmedia&parent=6611"}],"wp:term":[{"taxonomy":"category","embeddable":true,"href":"https:\/\/elcapitalino.vip\/index.php?rest_route=%2Fwp%2Fv2%2Fcategories&post=6611"},{"taxonomy":"post_tag","embeddable":true,"href":"https:\/\/elcapitalino.vip\/index.php?rest_route=%2Fwp%2Fv2%2Ftags&post=6611"}],"curies":[{"name":"wp","href":"https:\/\/api.w.org\/{rel}","templated":true}]}}