{"id":6605,"date":"2024-07-26T17:59:33","date_gmt":"2024-07-26T23:59:33","guid":{"rendered":"https:\/\/elcapitalino.vip\/?p=6605"},"modified":"2024-07-26T17:59:34","modified_gmt":"2024-07-26T23:59:34","slug":"promueve-alcaldia-coyoacan-opciones-laborales-de-calidad-a-toda-la-poblacion-alcaldia_coy","status":"publish","type":"post","link":"https:\/\/elcapitalino.vip\/?p=6605","title":{"rendered":"Promueve alcald\u00eda Coyoac\u00e1n opciones laborales de calidad a toda la poblaci\u00f3n \/ @Alcaldia_Coy >>>"},"content":{"rendered":"\n<p><strong>#Coyoac\u00e1n, #CDMX<\/strong>.- La alcald\u00eda Coyoac\u00e1n, comprometida con el trabajo para los habitantes, promueve el talento acerca opciones laborales de calidad a la comunidad. En coordinaci\u00f3n con la Secretar\u00eda del Trabajo CDMX, llevaron a cabo la Feria del Empleo para la Inclusi\u00f3n Laboral, en la colonia Pedregal de Santa \u00darsula.<\/p>\n\n\n\n<p><strong>#ElCapitalinoVIP<\/strong> &#8211; <a href=\"https:\/\/www.facebook.com\/ElCapitalinoVIP\/\"><strong>El Capitalino VIP<\/strong><\/a><\/p>\n","protected":false},"excerpt":{"rendered":"<p>#Coyoac\u00e1n, #CDMX.- La alcald\u00eda Coyoac\u00e1n, comprometida con el trabajo para los habitantes, promueve el talento acerca opciones laborales de calidad<\/p>\n","protected":false},"author":4,"featured_media":6606,"comment_status":"open","ping_status":"open","sticky":false,"template":"","format":"standard","meta":{"colormag_page_container_layout":"default_layout","colormag_page_sidebar_layout":"default_layout","rop_custom_images_group":[],"rop_custom_messages_group":[],"rop_publish_now":"yes","rop_publish_now_accounts":{"facebook_110999734738224_105959668530459":""},"rop_publish_now_history":[],"rop_publish_now_status":"pending","footnotes":""},"categories":[10],"tags":[54,20,29,23,26,25,24],"class_list":["post-6605","post","type-post","status-publish","format-standard","has-post-thumbnail","hentry","category-alcaldias","tag-alcaldia-coyoacan","tag-ciudad-de-mexico","tag-el-capitalino-vip","tag-enterate","tag-redes-sociales","tag-ultima-hora","tag-ultimas-noticias"],"_links":{"self":[{"href":"https:\/\/elcapitalino.vip\/index.php?rest_route=\/wp\/v2\/posts\/6605","targetHints":{"allow":["GET"]}}],"collection":[{"href":"https:\/\/elcapitalino.vip\/index.php?rest_route=\/wp\/v2\/posts"}],"about":[{"href":"https:\/\/elcapitalino.vip\/index.php?rest_route=\/wp\/v2\/types\/post"}],"author":[{"embeddable":true,"href":"https:\/\/elcapitalino.vip\/index.php?rest_route=\/wp\/v2\/users\/4"}],"replies":[{"embeddable":true,"href":"https:\/\/elcapitalino.vip\/index.php?rest_route=%2Fwp%2Fv2%2Fcomments&post=6605"}],"version-history":[{"count":1,"href":"https:\/\/elcapitalino.vip\/index.php?rest_route=\/wp\/v2\/posts\/6605\/revisions"}],"predecessor-version":[{"id":6607,"href":"https:\/\/elcapitalino.vip\/index.php?rest_route=\/wp\/v2\/posts\/6605\/revisions\/6607"}],"wp:featuredmedia":[{"embeddable":true,"href":"https:\/\/elcapitalino.vip\/index.php?rest_route=\/wp\/v2\/media\/6606"}],"wp:attachment":[{"href":"https:\/\/elcapitalino.vip\/index.php?rest_route=%2Fwp%2Fv2%2Fmedia&parent=6605"}],"wp:term":[{"taxonomy":"category","embeddable":true,"href":"https:\/\/elcapitalino.vip\/index.php?rest_route=%2Fwp%2Fv2%2Fcategories&post=6605"},{"taxonomy":"post_tag","embeddable":true,"href":"https:\/\/elcapitalino.vip\/index.php?rest_route=%2Fwp%2Fv2%2Ftags&post=6605"}],"curies":[{"name":"wp","href":"https:\/\/api.w.org\/{rel}","templated":true}]}}