{"id":6514,"date":"2024-07-12T13:48:03","date_gmt":"2024-07-12T19:48:03","guid":{"rendered":"https:\/\/elcapitalino.vip\/?p=6514"},"modified":"2024-07-12T13:48:04","modified_gmt":"2024-07-12T19:48:04","slug":"inaugura-secretaria-de-turismo-festival-turistico-de-la-ciudad-de-mexico-2024-en-paseo-de-la-reforma-martibatres-gobcdmx","status":"publish","type":"post","link":"https:\/\/elcapitalino.vip\/?p=6514","title":{"rendered":"Inaugura Secretar\u00eda de Turismo Festival Tur\u00edstico de la Ciudad de M\u00e9xico 2024 en Paseo de la Reforma \/ @martibatres @GobCDMX >>>"},"content":{"rendered":"\n<p><strong>#CDMX<\/strong>.- La secretaria de Turismo de la Ciudad de M\u00e9xico, Nathalie Desplas Puel, inaugur\u00f3 el Festival Tur\u00edstico de la Ciudad de M\u00e9xico 2024, que se llevar\u00e1 cabo este fin de semana, del 11 al 14 de Julio, sobre la Avenida Paseo de la Reforma, en el tramo entre las glorietas de la Diana Cazadora y la Columna del \u00c1ngel de la Independencia, de 09:00 a 19:00 horas.<\/p>\n\n\n\n<p>Se exhibir\u00e1 la oferta tur\u00edstico cultural de la Ciudad de M\u00e9xico y 22 estados de la Rep\u00fablica, de manera que quienes acudan, podr\u00e1n conocer directamente los diferentes atractivos tur\u00edsticos y culturales disponibles en el pa\u00eds.<\/p>\n\n\n\n<p>Durante la ceremonia oficial de inauguraci\u00f3n, Nathalie Desplas inform\u00f3 que en el Festival, residentes capitalinos y visitantes provenientes del interior del pa\u00eds conocer\u00e1n las diferentes opciones para vacacionar, en locales que ofrecer\u00e1n sitios de playa, pueblos m\u00e1gicos, artesan\u00edas, restaurantes t\u00edpicos e internacionales, as\u00ed como opciones de hospedaje para todos los presupuestos, con el fin de contribuir a una mayor derrama econ\u00f3mica tur\u00edstica.<\/p>\n\n\n\n<p>Se espera que al Festival Tur\u00edstico de la Ciudad de M\u00e9xico acudan entre 250 mil y 400 mil visitantes, quienes tambi\u00e9n podr\u00e1n apreciar la oferta tur\u00edstico cultural del Gobierno capitalino, el cual tiene preparadas actividades culturales de ballet, boleros, danz\u00f3n y m\u00fasica popular, charlas y seminarios sobre aspectos del turismo as\u00ed como presentaciones de danza y canto, entre otras.<\/p>\n\n\n\n<p>La Ciudad de M\u00e9xico ofrecer\u00e1, adem\u00e1s, los atractivos tradicionales de sitios emblem\u00e1ticos como los canales de Xochimilco y Tl\u00e1huac; la Bas\u00edlica de Guadalupe; el Bosque de Chapultepec; el Centro Hist\u00f3rico; museos de historia y arte; sitios de recreo y entretenimiento, en muchos de los cuales habr\u00e1 representaciones teatrales de diferentes cap\u00edtulos de la historia nacional.<\/p>\n\n\n\n<p><strong>#ElCapitalinoVIP<\/strong> &#8211; <a href=\"https:\/\/www.facebook.com\/ElCapitalinoVIP\/\"><strong>El Capitalino VIP<\/strong><\/a><\/p>\n","protected":false},"excerpt":{"rendered":"<p>#CDMX.- La secretaria de Turismo de la Ciudad de M\u00e9xico, Nathalie Desplas Puel, inaugur\u00f3 el Festival Tur\u00edstico de la Ciudad<\/p>\n","protected":false},"author":4,"featured_media":6515,"comment_status":"open","ping_status":"open","sticky":false,"template":"","format":"standard","meta":{"colormag_page_container_layout":"default_layout","colormag_page_sidebar_layout":"default_layout","rop_custom_images_group":[],"rop_custom_messages_group":[],"rop_publish_now":"yes","rop_publish_now_accounts":{"facebook_110999734738224_105959668530459":""},"rop_publish_now_history":[],"rop_publish_now_status":"pending","footnotes":""},"categories":[16],"tags":[20,29,23,26,25,24],"class_list":["post-6514","post","type-post","status-publish","format-standard","has-post-thumbnail","hentry","category-ultima-hora","tag-ciudad-de-mexico","tag-el-capitalino-vip","tag-enterate","tag-redes-sociales","tag-ultima-hora","tag-ultimas-noticias"],"_links":{"self":[{"href":"https:\/\/elcapitalino.vip\/index.php?rest_route=\/wp\/v2\/posts\/6514","targetHints":{"allow":["GET"]}}],"collection":[{"href":"https:\/\/elcapitalino.vip\/index.php?rest_route=\/wp\/v2\/posts"}],"about":[{"href":"https:\/\/elcapitalino.vip\/index.php?rest_route=\/wp\/v2\/types\/post"}],"author":[{"embeddable":true,"href":"https:\/\/elcapitalino.vip\/index.php?rest_route=\/wp\/v2\/users\/4"}],"replies":[{"embeddable":true,"href":"https:\/\/elcapitalino.vip\/index.php?rest_route=%2Fwp%2Fv2%2Fcomments&post=6514"}],"version-history":[{"count":1,"href":"https:\/\/elcapitalino.vip\/index.php?rest_route=\/wp\/v2\/posts\/6514\/revisions"}],"predecessor-version":[{"id":6516,"href":"https:\/\/elcapitalino.vip\/index.php?rest_route=\/wp\/v2\/posts\/6514\/revisions\/6516"}],"wp:featuredmedia":[{"embeddable":true,"href":"https:\/\/elcapitalino.vip\/index.php?rest_route=\/wp\/v2\/media\/6515"}],"wp:attachment":[{"href":"https:\/\/elcapitalino.vip\/index.php?rest_route=%2Fwp%2Fv2%2Fmedia&parent=6514"}],"wp:term":[{"taxonomy":"category","embeddable":true,"href":"https:\/\/elcapitalino.vip\/index.php?rest_route=%2Fwp%2Fv2%2Fcategories&post=6514"},{"taxonomy":"post_tag","embeddable":true,"href":"https:\/\/elcapitalino.vip\/index.php?rest_route=%2Fwp%2Fv2%2Ftags&post=6514"}],"curies":[{"name":"wp","href":"https:\/\/api.w.org\/{rel}","templated":true}]}}