{"id":6456,"date":"2024-07-01T17:47:02","date_gmt":"2024-07-01T23:47:02","guid":{"rendered":"https:\/\/elcapitalino.vip\/?p=6456"},"modified":"2024-07-01T17:47:04","modified_gmt":"2024-07-01T23:47:04","slug":"coloca-secretaria-del-trabajo-a-41-capitalinos-en-el-sector-hotelero-de-nuevo-vallarta-gobcdmx","status":"publish","type":"post","link":"https:\/\/elcapitalino.vip\/?p=6456","title":{"rendered":"Coloca Secretar\u00eda del Trabajo a 41 capitalinos en el sector hotelero de Nuevo Vallarta \/ @GobCDMX >>>"},"content":{"rendered":"\n<p><strong>#CDMX<\/strong>.- A trav\u00e9s del programa \u201cMovilidad Laboral\u201d, las personas seleccionadas formar\u00e1n parte de Grupo Vidanta, en el estado de Nayarit Del 24 al 28 de junio, en la Secretar\u00eda de Trabajo, se realizar\u00e1 el reclutamiento para laborar en el Hotel Royalton de la Riviera Maya<\/p>\n\n\n\n<p>Como parte del programa \u2018Movilidad Laboral\u2019, que lleva a cabo la Secretar\u00eda de Trabajo y Fomento al Empleo de la Ciudad de M\u00e9xico, 41 personas capitalinas viajaron esta semana a Nuevo Vallarta, en el estado de Nayarit, para laborar en el sector hotelero de la entidad con Grupo Vidanta. Del 18 al 21 de junio, se realiz\u00f3 el proceso de reclutamiento en las instalaciones de la Secretar\u00eda de Trabajo y Fomento al Empleo, donde personal de Grupo Vidanta entrevist\u00f3 y seleccion\u00f3 a las personas candidatas a ocupar estas vacantes. <\/p>\n\n\n\n<p>Las mujeres y hombres que fueron seleccionados tienen entre 18 y 65 a\u00f1os de edad y trabajar\u00e1n como auxiliares de \u00e1reas p\u00fablicas, camaristas, meseros, cajeros, botones, steward, surtidores de cocina, t\u00e9cnicos en general, concierge, operadores de transporte, valet parking, operadores de \u00e1reas y operadores de cuartos. El secretario de Trabajo y Fomento al Empleo, Jos\u00e9 Luis Rodr\u00edguez D\u00edaz de Le\u00f3n, destac\u00f3 que en lo que va de 2024, m\u00e1s de 200 personas de la Ciudad de M\u00e9xico han sido seleccionadas para laborar en los principales destinos tur\u00edsticos del pa\u00eds, a trav\u00e9s del programa \u201cMovilidad Laboral\u201d. <\/p>\n\n\n\n<p>\u201cEl objetivo es brindar oportunidades de empleo digno para personas que deciden tener una actividad laboral fuera de la Ciudad, estos espacios de trabajo se han generado mediante la vinculaci\u00f3n con hoteles de alta gama en destinos tur\u00edsticos de Nuevo Vallarta, la Riviera Maya y Los Cabos\u201d, precis\u00f3. En tanto, la beneficiaria Marcela \u00c1ngeles Mart\u00ednez, de 48 a\u00f1os de edad, mencion\u00f3 que es la segunda ocasi\u00f3n que participa en este reclutamiento como camarista. \u201cYa cuento con experiencia, es un buen puesto, nos va muy bien all\u00e1, voy de regreso porque la empresa cumple lo que dice\u201d, expres\u00f3. Por otra parte, el seleccionado Alejandro Garc\u00eda L\u00f3pez, de 20 a\u00f1os de edad, destac\u00f3 que esta oportunidad laboral ser\u00e1 su primer empleo formal, se desempe\u00f1ar\u00e1 como surtidor de cocina en el Hotel Vidanta.\u00a0<\/p>\n\n\n\n<p><strong>#ElCapitalinoVIP<\/strong> &#8211; <a href=\"https:\/\/www.facebook.com\/ElCapitalinoVIP\/\"><strong>El Capitalino VIP<\/strong><\/a><\/p>\n","protected":false},"excerpt":{"rendered":"<p>#CDMX.- A trav\u00e9s del programa \u201cMovilidad Laboral\u201d, las personas seleccionadas formar\u00e1n parte de Grupo Vidanta, en el estado de Nayarit<\/p>\n","protected":false},"author":4,"featured_media":6457,"comment_status":"open","ping_status":"open","sticky":false,"template":"","format":"standard","meta":{"colormag_page_container_layout":"default_layout","colormag_page_sidebar_layout":"default_layout","rop_custom_images_group":[],"rop_custom_messages_group":[],"rop_publish_now":"yes","rop_publish_now_accounts":{"facebook_110999734738224_105959668530459":""},"rop_publish_now_history":[],"rop_publish_now_status":"pending","footnotes":""},"categories":[14],"tags":[20,29,23,26,25,24],"class_list":["post-6456","post","type-post","status-publish","format-standard","has-post-thumbnail","hentry","category-secretarias","tag-ciudad-de-mexico","tag-el-capitalino-vip","tag-enterate","tag-redes-sociales","tag-ultima-hora","tag-ultimas-noticias"],"_links":{"self":[{"href":"https:\/\/elcapitalino.vip\/index.php?rest_route=\/wp\/v2\/posts\/6456","targetHints":{"allow":["GET"]}}],"collection":[{"href":"https:\/\/elcapitalino.vip\/index.php?rest_route=\/wp\/v2\/posts"}],"about":[{"href":"https:\/\/elcapitalino.vip\/index.php?rest_route=\/wp\/v2\/types\/post"}],"author":[{"embeddable":true,"href":"https:\/\/elcapitalino.vip\/index.php?rest_route=\/wp\/v2\/users\/4"}],"replies":[{"embeddable":true,"href":"https:\/\/elcapitalino.vip\/index.php?rest_route=%2Fwp%2Fv2%2Fcomments&post=6456"}],"version-history":[{"count":1,"href":"https:\/\/elcapitalino.vip\/index.php?rest_route=\/wp\/v2\/posts\/6456\/revisions"}],"predecessor-version":[{"id":6458,"href":"https:\/\/elcapitalino.vip\/index.php?rest_route=\/wp\/v2\/posts\/6456\/revisions\/6458"}],"wp:featuredmedia":[{"embeddable":true,"href":"https:\/\/elcapitalino.vip\/index.php?rest_route=\/wp\/v2\/media\/6457"}],"wp:attachment":[{"href":"https:\/\/elcapitalino.vip\/index.php?rest_route=%2Fwp%2Fv2%2Fmedia&parent=6456"}],"wp:term":[{"taxonomy":"category","embeddable":true,"href":"https:\/\/elcapitalino.vip\/index.php?rest_route=%2Fwp%2Fv2%2Fcategories&post=6456"},{"taxonomy":"post_tag","embeddable":true,"href":"https:\/\/elcapitalino.vip\/index.php?rest_route=%2Fwp%2Fv2%2Ftags&post=6456"}],"curies":[{"name":"wp","href":"https:\/\/api.w.org\/{rel}","templated":true}]}}