{"id":6381,"date":"2024-06-10T19:07:32","date_gmt":"2024-06-11T01:07:32","guid":{"rendered":"https:\/\/elcapitalino.vip\/?p=6381"},"modified":"2024-06-10T19:07:33","modified_gmt":"2024-06-11T01:07:33","slug":"encabeza-marti-batres-entrega-de-nuevo-tomografo-al-hospital-general-de-xoco-en-beneficio-de-10-mil-pacientes-gobcdmx","status":"publish","type":"post","link":"https:\/\/elcapitalino.vip\/?p=6381","title":{"rendered":"Encabeza Mart\u00ed Batres entrega de nuevo tom\u00f3grafo al Hospital General de Xoco en beneficio de 10 mil pacientes \/ @GobCDMX >>>"},"content":{"rendered":"\n<p><strong>#CDMX<\/strong>.- El Jefe de Gobierno, Mart\u00ed Batres Guadarrama, encabez\u00f3 la entrega de un nuevo tom\u00f3grafo al Hospital General de Xoco, que va a mejorar la atenci\u00f3n de las y los usuarios al facilitar la elaboraci\u00f3n de diagn\u00f3sticos con mayor precisi\u00f3n.<\/p>\n\n\n\n<p>\u00abYa hab\u00eda llegado este equipo, este tom\u00f3grafo Philips de 64 cortes que no le pide nada a tom\u00f3grafos que se encuentran en hospitales privados (\u2026). Al incorporar este nuevo tom\u00f3grafo, de tecnolog\u00eda de punta, contribuimos a que las personas que vienen aqu\u00ed sean atendidas con la mayor calidad tecnol\u00f3gica, a la que tenemos que agregar algo que ya tenemos, que es la calidad humana de nuestro personal m\u00e9dico aqu\u00ed en el Hospital de Xoco\u201d, destac\u00f3.<\/p>\n\n\n\n<p>Se\u00f1al\u00f3 que tanto las y los pacientes, como el personal m\u00e9dico solicitaban este equipamiento, pues Xoco recibe a personas accidentadas y se especializa en atender politraumatismos, fracturas craneoencef\u00e1licas y en extremidades.<\/p>\n\n\n\n<p>En esta administraci\u00f3n, detall\u00f3, se han adquirido 11 tom\u00f3grafos nuevos. Este es uno de los ocho adquiridos como parte de la federalizaci\u00f3n de los servicios de salud a trav\u00e9s de IMSS-Bienestar y tres m\u00e1s fueron adquiridos por el gobierno capitalino previo a la transici\u00f3n a dicho modelo.<\/p>\n\n\n\n<p>El mandatario capitalino a\u00f1adi\u00f3 que adem\u00e1s de esta adquisici\u00f3n hay una inversi\u00f3n de 750 millones de pesos para la renovaci\u00f3n de infraestructura en hospitales de la red SEDESA-IMSS-Bienestar y, por otra parte, destac\u00f3 que la federalizaci\u00f3n de servicios ha permitido basificar a aproximadamente 12 mil trabajadores.<\/p>\n\n\n\n<p>\u201cSe encontraban con contratos precarios de diverso tipo y se les est\u00e1 dando estabilidad y una mejora salarial a estos trabajadores. Aqu\u00ed en el caso de Xoco \u2013si no me equivoco\u2013 hay 322 m\u00e9dicos y enfermeras que fueron beneficiados con estos procesos de mejora laboral, y si el personal m\u00e9dico tiene mejora laboral, los usuarios tendr\u00e1n una mejora en su atenci\u00f3n\u201d, afirm\u00f3.<\/p>\n\n\n\n<p><strong>#ElCapitalinoVIP<\/strong> &#8211; <a href=\"https:\/\/www.facebook.com\/ElCapitalinoVIP\/\"><strong>El Capitalino VIP<\/strong><\/a><\/p>\n","protected":false},"excerpt":{"rendered":"<p>#CDMX.- El Jefe de Gobierno, Mart\u00ed Batres Guadarrama, encabez\u00f3 la entrega de un nuevo tom\u00f3grafo al Hospital General de Xoco,<\/p>\n","protected":false},"author":4,"featured_media":6382,"comment_status":"open","ping_status":"open","sticky":false,"template":"","format":"standard","meta":{"colormag_page_container_layout":"default_layout","colormag_page_sidebar_layout":"default_layout","rop_custom_images_group":[],"rop_custom_messages_group":[],"rop_publish_now":"yes","rop_publish_now_accounts":{"facebook_110999734738224_105959668530459":""},"rop_publish_now_history":[],"rop_publish_now_status":"pending","footnotes":""},"categories":[16],"tags":[20,29,23,26,25,24],"class_list":["post-6381","post","type-post","status-publish","format-standard","has-post-thumbnail","hentry","category-ultima-hora","tag-ciudad-de-mexico","tag-el-capitalino-vip","tag-enterate","tag-redes-sociales","tag-ultima-hora","tag-ultimas-noticias"],"_links":{"self":[{"href":"https:\/\/elcapitalino.vip\/index.php?rest_route=\/wp\/v2\/posts\/6381","targetHints":{"allow":["GET"]}}],"collection":[{"href":"https:\/\/elcapitalino.vip\/index.php?rest_route=\/wp\/v2\/posts"}],"about":[{"href":"https:\/\/elcapitalino.vip\/index.php?rest_route=\/wp\/v2\/types\/post"}],"author":[{"embeddable":true,"href":"https:\/\/elcapitalino.vip\/index.php?rest_route=\/wp\/v2\/users\/4"}],"replies":[{"embeddable":true,"href":"https:\/\/elcapitalino.vip\/index.php?rest_route=%2Fwp%2Fv2%2Fcomments&post=6381"}],"version-history":[{"count":1,"href":"https:\/\/elcapitalino.vip\/index.php?rest_route=\/wp\/v2\/posts\/6381\/revisions"}],"predecessor-version":[{"id":6383,"href":"https:\/\/elcapitalino.vip\/index.php?rest_route=\/wp\/v2\/posts\/6381\/revisions\/6383"}],"wp:featuredmedia":[{"embeddable":true,"href":"https:\/\/elcapitalino.vip\/index.php?rest_route=\/wp\/v2\/media\/6382"}],"wp:attachment":[{"href":"https:\/\/elcapitalino.vip\/index.php?rest_route=%2Fwp%2Fv2%2Fmedia&parent=6381"}],"wp:term":[{"taxonomy":"category","embeddable":true,"href":"https:\/\/elcapitalino.vip\/index.php?rest_route=%2Fwp%2Fv2%2Fcategories&post=6381"},{"taxonomy":"post_tag","embeddable":true,"href":"https:\/\/elcapitalino.vip\/index.php?rest_route=%2Fwp%2Fv2%2Ftags&post=6381"}],"curies":[{"name":"wp","href":"https:\/\/api.w.org\/{rel}","templated":true}]}}