{"id":6341,"date":"2024-05-27T20:57:40","date_gmt":"2024-05-28T02:57:40","guid":{"rendered":"https:\/\/elcapitalino.vip\/?p=6341"},"modified":"2024-05-27T20:57:40","modified_gmt":"2024-05-28T02:57:40","slug":"ni-si-quiera-el-calor-no-nos-detiene-armando-quintero-acerca-del-lunes-del-pueblo-a_quinteromx-iztacalcoal","status":"publish","type":"post","link":"https:\/\/elcapitalino.vip\/?p=6341","title":{"rendered":"Ni si quiera el calor no nos detiene\u00bb, Armando Quintero acerca del \u00abLunes del Pueblo\u00bb \/ @A_QuinteroMX @IztacalcoAl >>>"},"content":{"rendered":"\n<p><strong>#Iztacalco, #Edom\u00e9x<\/strong>.- \u00abEl calor no nos detiene, les comparto im\u00e1genes del Lunes Del Pueblo, agradezco la confianza de los vecinos que se acercan a su gobierno para dar soluci\u00f3n a sus peticiones. Trabajaremos hasta el \u00faltimo d\u00eda por y para la gente, siempre enalteciendo la vocaci\u00f3n del servicio p\u00fablico\u00bb, <a href=\"https:\/\/www.facebook.com\/ArmandoQuinteroMX?__cft__[0]=AZX0obbc5WnDKohjmO6VcaM3B1Dvt9EUqRmQ1rLPEOrWjRgKxhkAyupYo5QR3WI07sqie--812M0-xr7KScvyRuVczqglBGdYmDeBnJfSdZ59GZz683cuaqKh_mvMWw5xoWmciNnoXc7e-HHLLPI7yy8mDcgWb2p73Ujnxo9CcqYfDv8fypVsqKk9ogBnv3vU-dgO97tpA6GQdYJyUz33FfEKoLj7vuHQ96udINcNjTbQKoXpkJ_tTbDjTC9x5QjDk4&amp;__tn__=-UC%2CP-y-R\"><strong>Armando Quintero<\/strong><\/a>.<\/p>\n\n\n\n<p>#<strong>ElCapitalinoVIP<\/strong> &#8211; <a href=\"https:\/\/www.facebook.com\/ElCapitalinoVIP\/\"><strong>El Capitalino VIP<\/strong><\/a><\/p>\n","protected":false},"excerpt":{"rendered":"<p>#Iztacalco, #Edom\u00e9x.- \u00abEl calor no nos detiene, les comparto im\u00e1genes del Lunes Del Pueblo, agradezco la confianza de los vecinos<\/p>\n","protected":false},"author":4,"featured_media":6342,"comment_status":"open","ping_status":"open","sticky":false,"template":"","format":"standard","meta":{"colormag_page_container_layout":"default_layout","colormag_page_sidebar_layout":"default_layout","rop_custom_images_group":[],"rop_custom_messages_group":[],"rop_publish_now":"yes","rop_publish_now_accounts":{"facebook_110999734738224_105959668530459":""},"rop_publish_now_history":[],"rop_publish_now_status":"pending","footnotes":""},"categories":[10],"tags":[91,52,20,29,23,26,25,24],"class_list":["post-6341","post","type-post","status-publish","format-standard","has-post-thumbnail","hentry","category-alcaldias","tag-alcaldia-iztacalco","tag-armando-quintero-martinez","tag-ciudad-de-mexico","tag-el-capitalino-vip","tag-enterate","tag-redes-sociales","tag-ultima-hora","tag-ultimas-noticias"],"_links":{"self":[{"href":"https:\/\/elcapitalino.vip\/index.php?rest_route=\/wp\/v2\/posts\/6341","targetHints":{"allow":["GET"]}}],"collection":[{"href":"https:\/\/elcapitalino.vip\/index.php?rest_route=\/wp\/v2\/posts"}],"about":[{"href":"https:\/\/elcapitalino.vip\/index.php?rest_route=\/wp\/v2\/types\/post"}],"author":[{"embeddable":true,"href":"https:\/\/elcapitalino.vip\/index.php?rest_route=\/wp\/v2\/users\/4"}],"replies":[{"embeddable":true,"href":"https:\/\/elcapitalino.vip\/index.php?rest_route=%2Fwp%2Fv2%2Fcomments&post=6341"}],"version-history":[{"count":1,"href":"https:\/\/elcapitalino.vip\/index.php?rest_route=\/wp\/v2\/posts\/6341\/revisions"}],"predecessor-version":[{"id":6343,"href":"https:\/\/elcapitalino.vip\/index.php?rest_route=\/wp\/v2\/posts\/6341\/revisions\/6343"}],"wp:featuredmedia":[{"embeddable":true,"href":"https:\/\/elcapitalino.vip\/index.php?rest_route=\/wp\/v2\/media\/6342"}],"wp:attachment":[{"href":"https:\/\/elcapitalino.vip\/index.php?rest_route=%2Fwp%2Fv2%2Fmedia&parent=6341"}],"wp:term":[{"taxonomy":"category","embeddable":true,"href":"https:\/\/elcapitalino.vip\/index.php?rest_route=%2Fwp%2Fv2%2Fcategories&post=6341"},{"taxonomy":"post_tag","embeddable":true,"href":"https:\/\/elcapitalino.vip\/index.php?rest_route=%2Fwp%2Fv2%2Ftags&post=6341"}],"curies":[{"name":"wp","href":"https:\/\/api.w.org\/{rel}","templated":true}]}}