{"id":6193,"date":"2024-05-01T19:45:08","date_gmt":"2024-05-02T01:45:08","guid":{"rendered":"https:\/\/elcapitalino.vip\/?p=6193"},"modified":"2024-05-01T19:45:09","modified_gmt":"2024-05-02T01:45:09","slug":"tlalpan-invita-a-conectar-con-la-naturaleza-con-caminata-ecologica-tlalpanal","status":"publish","type":"post","link":"https:\/\/elcapitalino.vip\/?p=6193","title":{"rendered":"Tlalpan invita a conectar con la naturaleza con \u201cCaminata Ecol\u00f3gica\u201d \/ @TlalpanAl >>>"},"content":{"rendered":"\n<p><strong>#Tlalpan, #CDMX<\/strong>.- La alcald\u00eda Tlalpan invita a una experiencia \u00fanica en la naturaleza con la jornada de senderismo \u201cCaminata ecol\u00f3gica\u201d, dise\u00f1ada especialmente para aquellos que est\u00e1n dando sus primeros pasos en esta disciplina. La cita es este pr\u00f3ximo s\u00e1bado 4 de mayo, el punto de encuentro ser\u00e1 en el Valle del Tezontle a las 8:30 horas para iniciar con las actividades a las 9:00 en punto.<\/p>\n\n\n\n<p>Las y los interesados tendr\u00e1n la oportunidad de explorar lugares m\u00e1gicos de Tlalpan como Ajusco, Valle del Tezontle y Ejido las V\u00edboras, con paradas estrat\u00e9gicas para recargar energ\u00edas y disfrutar al m\u00e1ximo del recorrido. Para todas y todos los interesados se recomiendan llevar botas o tenis con buen agarre, mochila ligera, gorra, bloqueador solar y suficiente agua y alimentos para la traves\u00eda.<\/p>\n\n\n\n<p>Despu\u00e9s del senderismo, se llevar\u00e1 a cabo una comida comunitaria para compartir experiencias y hacer nuevos amigos, mejorando e impulsando la convivencia y recreaci\u00f3n.<br>Esta gran experiencia es completamente gratuita y abierta a todo p\u00fablico, la alcald\u00eda Tlalpan los convoca a no perderse la oportunidad de conectar con la naturaleza y vivir una jornada activa y divertida.<\/p>\n\n\n\n<p>Para m\u00e1s detalles, pueden visitar las redes sociales de la alcald\u00eda.<\/p>\n\n\n\n<p><strong>#ElCapitalinoVIP<\/strong> &#8211; <a href=\"https:\/\/www.facebook.com\/ElCapitalinoVIP\/\"><strong>El Capitalino VIP<\/strong><\/a><\/p>\n","protected":false},"excerpt":{"rendered":"<p>#Tlalpan, #CDMX.- La alcald\u00eda Tlalpan invita a una experiencia \u00fanica en la naturaleza con la jornada de senderismo \u201cCaminata ecol\u00f3gica\u201d,<\/p>\n","protected":false},"author":4,"featured_media":6195,"comment_status":"open","ping_status":"open","sticky":false,"template":"","format":"standard","meta":{"colormag_page_container_layout":"default_layout","colormag_page_sidebar_layout":"default_layout","rop_custom_images_group":[],"rop_custom_messages_group":[],"rop_publish_now":"yes","rop_publish_now_accounts":{"facebook_110999734738224_105959668530459":""},"rop_publish_now_history":[],"rop_publish_now_status":"pending","footnotes":""},"categories":[8],"tags":[20,29,23,26,25,24],"class_list":["post-6193","post","type-post","status-publish","format-standard","has-post-thumbnail","hentry","category-alcaldesas","tag-ciudad-de-mexico","tag-el-capitalino-vip","tag-enterate","tag-redes-sociales","tag-ultima-hora","tag-ultimas-noticias"],"_links":{"self":[{"href":"https:\/\/elcapitalino.vip\/index.php?rest_route=\/wp\/v2\/posts\/6193","targetHints":{"allow":["GET"]}}],"collection":[{"href":"https:\/\/elcapitalino.vip\/index.php?rest_route=\/wp\/v2\/posts"}],"about":[{"href":"https:\/\/elcapitalino.vip\/index.php?rest_route=\/wp\/v2\/types\/post"}],"author":[{"embeddable":true,"href":"https:\/\/elcapitalino.vip\/index.php?rest_route=\/wp\/v2\/users\/4"}],"replies":[{"embeddable":true,"href":"https:\/\/elcapitalino.vip\/index.php?rest_route=%2Fwp%2Fv2%2Fcomments&post=6193"}],"version-history":[{"count":1,"href":"https:\/\/elcapitalino.vip\/index.php?rest_route=\/wp\/v2\/posts\/6193\/revisions"}],"predecessor-version":[{"id":6194,"href":"https:\/\/elcapitalino.vip\/index.php?rest_route=\/wp\/v2\/posts\/6193\/revisions\/6194"}],"wp:featuredmedia":[{"embeddable":true,"href":"https:\/\/elcapitalino.vip\/index.php?rest_route=\/wp\/v2\/media\/6195"}],"wp:attachment":[{"href":"https:\/\/elcapitalino.vip\/index.php?rest_route=%2Fwp%2Fv2%2Fmedia&parent=6193"}],"wp:term":[{"taxonomy":"category","embeddable":true,"href":"https:\/\/elcapitalino.vip\/index.php?rest_route=%2Fwp%2Fv2%2Fcategories&post=6193"},{"taxonomy":"post_tag","embeddable":true,"href":"https:\/\/elcapitalino.vip\/index.php?rest_route=%2Fwp%2Fv2%2Ftags&post=6193"}],"curies":[{"name":"wp","href":"https:\/\/api.w.org\/{rel}","templated":true}]}}