{"id":6187,"date":"2024-05-01T19:29:02","date_gmt":"2024-05-02T01:29:02","guid":{"rendered":"https:\/\/elcapitalino.vip\/?p=6187"},"modified":"2024-05-01T19:29:03","modified_gmt":"2024-05-02T01:29:03","slug":"celebra-marti-batres-jefe-de-gobierno-de-la-ciudad-de-mexico-dia-de-la-nina-y-el-nino-en-el-zocalo-martibatres-gobcdmx","status":"publish","type":"post","link":"https:\/\/elcapitalino.vip\/?p=6187","title":{"rendered":"Celebra Mart\u00ed Batres, Jefe de Gobierno de la Ciudad de M\u00e9xico, D\u00eda de la Ni\u00f1a y el Ni\u00f1o en el Z\u00f3calo \/ @martibatres @GobCDMX >>>"},"content":{"rendered":"\n<p><strong>#CDMX<\/strong>.- El Jefe de Gobierno, Mart\u00ed Batres Guadarrama, encabez\u00f3 este 30 de abril los festejos del D\u00eda de la Ni\u00f1a y el Ni\u00f1o en el Z\u00f3calo capitalino, en donde felicit\u00f3 a las infancias de la capital y los invit\u00f3 a participar en las actividades l\u00fadicas realizadas en la plaza p\u00fablica m\u00e1s importante del pa\u00eds, como jornadas de lectura, concursos con juegos tradicionales, realizaci\u00f3n de cometas, pinta caritas; entre otras actividades.<\/p>\n\n\n\n<p>\u201cEn realidad hay que celebrar diario a las ni\u00f1as y a los ni\u00f1os, porque son el inter\u00e9s superior de un pa\u00eds y lo que hacemos es celebrar sus derechos, y las ni\u00f1as y los ni\u00f1os tienen muchos derechos. (&#8230;) Convocamos hoy aqu\u00ed a actividades en el Z\u00f3calo, hay libros, hay dulces mexicanos, hay juegos y hay rock para ni\u00f1as y ni\u00f1os\u201d, coment\u00f3.<\/p>\n\n\n\n<p>Durante las celebraciones en el Z\u00f3calo, el mandatario capitalino resalt\u00f3 la participaci\u00f3n de las bandas de m\u00fasica infantil \u201cLos Migajita Sound Band\u201d, agrupaci\u00f3n de rock, reggae y ska interactiva para ni\u00f1os y ni\u00f1as de todas las edades y \u201cLos Patita de Perro\u201d, banda de rock infantil con m\u00e1s de 25 a\u00f1os de trayectoria que cuenta con 10 discos y dos pel\u00edculas, y reflexiona sobre los derechos de los ni\u00f1os, los males de la comida chatarra, el cuidado del medio ambiente y la importancia de los v\u00ednculos familiares.<\/p>\n\n\n\n<p>Por otro lado, refrend\u00f3 el compromiso que tiene el Gobierno capitalino con las infancias para hacer cumplir derechos b\u00e1sicos: educaci\u00f3n, salud, vivienda, cultura y m\u00e1s.<\/p>\n\n\n\n<p>\u201c\u00bfC\u00f3mo cumplimos los derechos? Pues con las obligaciones del gobierno. En la ciudad tambi\u00e9n tenemos 18 parques nuevos, grandes parques, enormes, para que los disfruten las ni\u00f1as y los ni\u00f1os, como el Parque Cantera, el Parque Vertical de Venustiano Carranza, etc\u00e9tera. Hay un proyecto que se llama \u201cChapultepec: Naturaleza y Cultura\u201d, y hay un parque, el PARCUR, que acaba de recibir un reconocimiento, es para los chavos que andan en patineta, bicicleta; y est\u00e1 el parque Cri-Cri, para los ni\u00f1os. Est\u00e1 tambi\u00e9n el sistema Serpientes y Escaleras, para bajar y subir las barrancas que antes no se pod\u00edan atravesar; la Calzada Flotante, la Cineteca y el nuevo Museo de Historia Natural y Cultura Ambiental\u201d, comparti\u00f3.<\/p>\n\n\n\n<p><strong>#ElCapitalinoVIP<\/strong> &#8211; <a href=\"https:\/\/www.facebook.com\/ElCapitalinoVIP\/\"><strong>El Capitalino VIP<\/strong><\/a><\/p>\n","protected":false},"excerpt":{"rendered":"<p>#CDMX.- El Jefe de Gobierno, Mart\u00ed Batres Guadarrama, encabez\u00f3 este 30 de abril los festejos del D\u00eda de la Ni\u00f1a<\/p>\n","protected":false},"author":4,"featured_media":6188,"comment_status":"open","ping_status":"open","sticky":false,"template":"","format":"standard","meta":{"colormag_page_container_layout":"default_layout","colormag_page_sidebar_layout":"default_layout","rop_custom_images_group":[],"rop_custom_messages_group":[],"rop_publish_now":"yes","rop_publish_now_accounts":{"facebook_110999734738224_105959668530459":""},"rop_publish_now_history":[],"rop_publish_now_status":"pending","footnotes":""},"categories":[16],"tags":[20,29,23,26,25,24],"class_list":["post-6187","post","type-post","status-publish","format-standard","has-post-thumbnail","hentry","category-ultima-hora","tag-ciudad-de-mexico","tag-el-capitalino-vip","tag-enterate","tag-redes-sociales","tag-ultima-hora","tag-ultimas-noticias"],"_links":{"self":[{"href":"https:\/\/elcapitalino.vip\/index.php?rest_route=\/wp\/v2\/posts\/6187","targetHints":{"allow":["GET"]}}],"collection":[{"href":"https:\/\/elcapitalino.vip\/index.php?rest_route=\/wp\/v2\/posts"}],"about":[{"href":"https:\/\/elcapitalino.vip\/index.php?rest_route=\/wp\/v2\/types\/post"}],"author":[{"embeddable":true,"href":"https:\/\/elcapitalino.vip\/index.php?rest_route=\/wp\/v2\/users\/4"}],"replies":[{"embeddable":true,"href":"https:\/\/elcapitalino.vip\/index.php?rest_route=%2Fwp%2Fv2%2Fcomments&post=6187"}],"version-history":[{"count":1,"href":"https:\/\/elcapitalino.vip\/index.php?rest_route=\/wp\/v2\/posts\/6187\/revisions"}],"predecessor-version":[{"id":6189,"href":"https:\/\/elcapitalino.vip\/index.php?rest_route=\/wp\/v2\/posts\/6187\/revisions\/6189"}],"wp:featuredmedia":[{"embeddable":true,"href":"https:\/\/elcapitalino.vip\/index.php?rest_route=\/wp\/v2\/media\/6188"}],"wp:attachment":[{"href":"https:\/\/elcapitalino.vip\/index.php?rest_route=%2Fwp%2Fv2%2Fmedia&parent=6187"}],"wp:term":[{"taxonomy":"category","embeddable":true,"href":"https:\/\/elcapitalino.vip\/index.php?rest_route=%2Fwp%2Fv2%2Fcategories&post=6187"},{"taxonomy":"post_tag","embeddable":true,"href":"https:\/\/elcapitalino.vip\/index.php?rest_route=%2Fwp%2Fv2%2Ftags&post=6187"}],"curies":[{"name":"wp","href":"https:\/\/api.w.org\/{rel}","templated":true}]}}