{"id":6121,"date":"2024-04-08T18:45:07","date_gmt":"2024-04-09T00:45:07","guid":{"rendered":"https:\/\/elcapitalino.vip\/?p=6121"},"modified":"2024-04-08T18:45:08","modified_gmt":"2024-04-09T00:45:08","slug":"observa-marti-batres-jefe-de-gobierno-de-la-cdmx-eclipse-solar-en-el-zocalo-capitalino-martibatres-gobcdmx","status":"publish","type":"post","link":"https:\/\/elcapitalino.vip\/?p=6121","title":{"rendered":"Observa Mart\u00ed Batres, Jefe de Gobierno de la CDMX, eclipse solar en el Z\u00f3calo Capitalino \/ @martibatres @GobCDMX >>>"},"content":{"rendered":"\n<p><strong>#CDMX<\/strong>.- Ante cientos de personas que tambi\u00e9n se dieron cita, el mandatario record\u00f3 que los eclipses formaron parte de la cosmovisi\u00f3n de nuestros antepasados.<\/p>\n\n\n\n<p>\u201cHay una expresi\u00f3n que dice \u201cTonatiuh cualo\u201d, es una expresi\u00f3n n\u00e1huatl para referirse al eclipse, es una expresi\u00f3n bella y sugerente que nos recuerda que el sol es el astro m\u00e1s importante del cosmos que rodea la humanidad. Nuestros pueblos originarios en alguno de sus mitos nos cuentan que los dioses viejos y sabios dijeron a la luna que empujase a su hermano, el poderoso sol, para obligarlo a realizar el primer ciclo del d\u00eda y la noche, y as\u00ed ocurri\u00f3 el primer eclipse cuando el sol fue comido por la luna. El mundo prosper\u00f3 y as\u00ed nunca se quem\u00f3 en el d\u00eda y nunca se congel\u00f3 en la noche gracias a ese ciclo que ocurre cada d\u00eda, cada noche\u201d, mencion\u00f3.<\/p>\n\n\n\n<p>Resalt\u00f3 que, en la actualidad, estos fen\u00f3menos astron\u00f3micos ayudan a la comunidad cient\u00edfica en sus investigaciones sobre el universo.<\/p>\n\n\n\n<p>\u201cEl eclipse tambi\u00e9n es una buena excusa para repasar lo mucho que la humanidad ha avanzado en el conocimiento de su cosmos, podemos predecir estos fen\u00f3menos y disfrutarlos; no podemos impedirlos, pero podemos ubicarnos como humanidad en nuestra grandeza en el planeta y en nuestra humildad en el universo. El eclipse, queremos subrayarlo, no es un momento de oscuridad, es una oportunidad de reflexi\u00f3n humanista y cient\u00edfica\u201d, destac\u00f3.<\/p>\n\n\n\n<p>Acompa\u00f1ado de su familia, el mandatario capitalino se\u00f1al\u00f3 que para garantizar una observaci\u00f3n segura a quienes se concentraron en la Plaza de la Constituci\u00f3n, fueron repartidos 2 mil lentes especiales con certificaci\u00f3n ISO 123122: mil del Sistema Penitenciario y mil del Instituto Polit\u00e9cnico Nacional (IPN).<\/p>\n\n\n\n<p>Por su parte, la secretaria de Educaci\u00f3n, Ciencia, Tecnolog\u00eda e Innovaci\u00f3n (SECTEI), Ofelia \u00c1ngulo Guerrero, resalt\u00f3 la trascendencia de este evento.<\/p>\n\n\n\n<p>\u201cEs un momento hist\u00f3rico para nosotros, para todas las personas que tenemos la oportunidad de vivir este eclipse solar total, que ocurre de manera muy rara en ciertos periodos, el \u00faltimo que vivimos fue en el a\u00f1o 1991 y el siguiente que se vivir\u00e1 ser\u00e1 en el 2052. As\u00ed que hoy nos toca coincidir en esta Plaza de la Constituci\u00f3n y es hist\u00f3rico, es memorable y les agradecemos y les damos la m\u00e1s cordial de las bienvenidas a todas y a todos los que hoy decidieron venir a vivir con nosotros esta maravillosa experiencia\u201d, asegur\u00f3.<\/p>\n\n\n\n<p><strong>#ElCapitalinoVIP<\/strong> &#8211; <a href=\"https:\/\/www.facebook.com\/ElCapitalinoVIP\/\"><strong>El Capitalino VIP<\/strong><\/a><\/p>\n","protected":false},"excerpt":{"rendered":"<p>#CDMX.- Ante cientos de personas que tambi\u00e9n se dieron cita, el mandatario record\u00f3 que los eclipses formaron parte de la<\/p>\n","protected":false},"author":4,"featured_media":6122,"comment_status":"open","ping_status":"open","sticky":false,"template":"","format":"standard","meta":{"colormag_page_container_layout":"default_layout","colormag_page_sidebar_layout":"default_layout","rop_custom_images_group":[],"rop_custom_messages_group":[],"rop_publish_now":"yes","rop_publish_now_accounts":{"facebook_110999734738224_105959668530459":""},"rop_publish_now_history":[],"rop_publish_now_status":"pending","footnotes":""},"categories":[16],"tags":[20,29,23,26,25,24],"class_list":["post-6121","post","type-post","status-publish","format-standard","has-post-thumbnail","hentry","category-ultima-hora","tag-ciudad-de-mexico","tag-el-capitalino-vip","tag-enterate","tag-redes-sociales","tag-ultima-hora","tag-ultimas-noticias"],"_links":{"self":[{"href":"https:\/\/elcapitalino.vip\/index.php?rest_route=\/wp\/v2\/posts\/6121","targetHints":{"allow":["GET"]}}],"collection":[{"href":"https:\/\/elcapitalino.vip\/index.php?rest_route=\/wp\/v2\/posts"}],"about":[{"href":"https:\/\/elcapitalino.vip\/index.php?rest_route=\/wp\/v2\/types\/post"}],"author":[{"embeddable":true,"href":"https:\/\/elcapitalino.vip\/index.php?rest_route=\/wp\/v2\/users\/4"}],"replies":[{"embeddable":true,"href":"https:\/\/elcapitalino.vip\/index.php?rest_route=%2Fwp%2Fv2%2Fcomments&post=6121"}],"version-history":[{"count":1,"href":"https:\/\/elcapitalino.vip\/index.php?rest_route=\/wp\/v2\/posts\/6121\/revisions"}],"predecessor-version":[{"id":6123,"href":"https:\/\/elcapitalino.vip\/index.php?rest_route=\/wp\/v2\/posts\/6121\/revisions\/6123"}],"wp:featuredmedia":[{"embeddable":true,"href":"https:\/\/elcapitalino.vip\/index.php?rest_route=\/wp\/v2\/media\/6122"}],"wp:attachment":[{"href":"https:\/\/elcapitalino.vip\/index.php?rest_route=%2Fwp%2Fv2%2Fmedia&parent=6121"}],"wp:term":[{"taxonomy":"category","embeddable":true,"href":"https:\/\/elcapitalino.vip\/index.php?rest_route=%2Fwp%2Fv2%2Fcategories&post=6121"},{"taxonomy":"post_tag","embeddable":true,"href":"https:\/\/elcapitalino.vip\/index.php?rest_route=%2Fwp%2Fv2%2Ftags&post=6121"}],"curies":[{"name":"wp","href":"https:\/\/api.w.org\/{rel}","templated":true}]}}