{"id":6104,"date":"2024-04-03T19:45:11","date_gmt":"2024-04-04T01:45:11","guid":{"rendered":"https:\/\/elcapitalino.vip\/?p=6104"},"modified":"2024-04-03T19:45:12","modified_gmt":"2024-04-04T01:45:12","slug":"actividades-culturales-y-educativas-por-el-dia-internacional-del-libro-infantil-y-juvenil-en-iztapalapa-alc_iztapalapa","status":"publish","type":"post","link":"https:\/\/elcapitalino.vip\/?p=6104","title":{"rendered":"Actividades culturales y educativas por el d\u00eda internacional del libro infantil y juvenil en Iztapalapa \/ @Alc_Iztapalapa >>>"},"content":{"rendered":"\n<p><strong>#Iztapalapa, #CDMX<\/strong>.- Este jueves 4 de abril en la Utop\u00eda Tecoloxtitl\u00e1n Alcald\u00eda Iztapalapa y Utop\u00eda Atzintli Alcald\u00eda Iztapalapa se realizar\u00e1 la conmemoraci\u00f3n del D\u00eda Internacional del Libro Infantil y Juvenil con actividades como cuentacuentos y proyecci\u00f3n de pel\u00edculas. La cita es a partir de las 15:00 horas, para ti y toda tu familia.<\/p>\n\n\n\n<p><strong>#ElCapitalinoVIP<\/strong> &#8211; <a href=\"https:\/\/www.facebook.com\/ElCapitalinoVIP\/\"><strong>El Capitalino VIP<\/strong><\/a><\/p>\n","protected":false},"excerpt":{"rendered":"<p>#Iztapalapa, #CDMX.- Este jueves 4 de abril en la Utop\u00eda Tecoloxtitl\u00e1n Alcald\u00eda Iztapalapa y Utop\u00eda Atzintli Alcald\u00eda Iztapalapa se realizar\u00e1<\/p>\n","protected":false},"author":4,"featured_media":6105,"comment_status":"open","ping_status":"open","sticky":false,"template":"","format":"standard","meta":{"colormag_page_container_layout":"default_layout","colormag_page_sidebar_layout":"default_layout","rop_custom_images_group":[],"rop_custom_messages_group":[],"rop_publish_now":"yes","rop_publish_now_accounts":{"facebook_110999734738224_105959668530459":""},"rop_publish_now_history":[],"rop_publish_now_status":"pending","footnotes":""},"categories":[11],"tags":[33,20,29,23,26,25,24],"class_list":["post-6104","post","type-post","status-publish","format-standard","has-post-thumbnail","hentry","category-alcaldias-destacadas","tag-alcaldia-iztapalapa","tag-ciudad-de-mexico","tag-el-capitalino-vip","tag-enterate","tag-redes-sociales","tag-ultima-hora","tag-ultimas-noticias"],"_links":{"self":[{"href":"https:\/\/elcapitalino.vip\/index.php?rest_route=\/wp\/v2\/posts\/6104","targetHints":{"allow":["GET"]}}],"collection":[{"href":"https:\/\/elcapitalino.vip\/index.php?rest_route=\/wp\/v2\/posts"}],"about":[{"href":"https:\/\/elcapitalino.vip\/index.php?rest_route=\/wp\/v2\/types\/post"}],"author":[{"embeddable":true,"href":"https:\/\/elcapitalino.vip\/index.php?rest_route=\/wp\/v2\/users\/4"}],"replies":[{"embeddable":true,"href":"https:\/\/elcapitalino.vip\/index.php?rest_route=%2Fwp%2Fv2%2Fcomments&post=6104"}],"version-history":[{"count":1,"href":"https:\/\/elcapitalino.vip\/index.php?rest_route=\/wp\/v2\/posts\/6104\/revisions"}],"predecessor-version":[{"id":6106,"href":"https:\/\/elcapitalino.vip\/index.php?rest_route=\/wp\/v2\/posts\/6104\/revisions\/6106"}],"wp:featuredmedia":[{"embeddable":true,"href":"https:\/\/elcapitalino.vip\/index.php?rest_route=\/wp\/v2\/media\/6105"}],"wp:attachment":[{"href":"https:\/\/elcapitalino.vip\/index.php?rest_route=%2Fwp%2Fv2%2Fmedia&parent=6104"}],"wp:term":[{"taxonomy":"category","embeddable":true,"href":"https:\/\/elcapitalino.vip\/index.php?rest_route=%2Fwp%2Fv2%2Fcategories&post=6104"},{"taxonomy":"post_tag","embeddable":true,"href":"https:\/\/elcapitalino.vip\/index.php?rest_route=%2Fwp%2Fv2%2Ftags&post=6104"}],"curies":[{"name":"wp","href":"https:\/\/api.w.org\/{rel}","templated":true}]}}