{"id":606,"date":"2022-01-19T12:48:40","date_gmt":"2022-01-19T18:48:40","guid":{"rendered":"http:\/\/elcapitalino.vip\/?p=606"},"modified":"2022-01-19T12:48:41","modified_gmt":"2022-01-19T18:48:41","slug":"comparte-alcaldia-de-iztacalco-el-periodico-ofertas-de-empleo","status":"publish","type":"post","link":"https:\/\/elcapitalino.vip\/?p=606","title":{"rendered":"Comparte alcald\u00eda de Iztacalco el peri\u00f3dico &#8216;Ofertas de Empleo&#8217;"},"content":{"rendered":"\n<p><strong>#Iztacalco<\/strong>, <strong>#CDMX<\/strong>.- Ya se encuentra disponible el peri\u00f3dico Ofertas de Empleo de la Ciudad de M\u00e9xico. Se puede encontrar informaci\u00f3n detallada y vigente con m\u00e1s de dos mil oportunidades de trabajo. <\/p>\n\n\n\n<p>El enlace de descarga es el siguiente : <a rel=\"noreferrer noopener\" href=\"https:\/\/bit.ly\/3nvV4Ev?fbclid=IwAR0Cd6XtfoGijhqKegG_65KQjIdxv3dypWiA6zfz3fVJZ8Nd8Hc7wopEKe4\" target=\"_blank\">https:\/\/bit.ly\/3nvV4Ev<\/a><\/p>\n\n\n\n<p><strong>#ElCapitalinoVip<\/strong><\/p>\n","protected":false},"excerpt":{"rendered":"<p>#Iztacalco, #CDMX.- Ya se encuentra disponible el peri\u00f3dico Ofertas de Empleo de la Ciudad de M\u00e9xico. Se puede encontrar informaci\u00f3n<\/p>\n","protected":false},"author":4,"featured_media":0,"comment_status":"open","ping_status":"open","sticky":false,"template":"","format":"standard","meta":{"colormag_page_container_layout":"default_layout","colormag_page_sidebar_layout":"default_layout","rop_custom_images_group":[],"rop_custom_messages_group":[],"rop_publish_now":"initial","rop_publish_now_accounts":{"facebook_110999734738224_105959668530459":""},"rop_publish_now_history":[],"rop_publish_now_status":"pending","footnotes":""},"categories":[10],"tags":[20,29,23,21,64,26,25,24],"class_list":["post-606","post","type-post","status-publish","format-standard","hentry","category-alcaldias","tag-ciudad-de-mexico","tag-el-capitalino-vip","tag-enterate","tag-gobierno-de-la-ciudad-de-mexico","tag-iztacalco","tag-redes-sociales","tag-ultima-hora","tag-ultimas-noticias"],"_links":{"self":[{"href":"https:\/\/elcapitalino.vip\/index.php?rest_route=\/wp\/v2\/posts\/606","targetHints":{"allow":["GET"]}}],"collection":[{"href":"https:\/\/elcapitalino.vip\/index.php?rest_route=\/wp\/v2\/posts"}],"about":[{"href":"https:\/\/elcapitalino.vip\/index.php?rest_route=\/wp\/v2\/types\/post"}],"author":[{"embeddable":true,"href":"https:\/\/elcapitalino.vip\/index.php?rest_route=\/wp\/v2\/users\/4"}],"replies":[{"embeddable":true,"href":"https:\/\/elcapitalino.vip\/index.php?rest_route=%2Fwp%2Fv2%2Fcomments&post=606"}],"version-history":[{"count":1,"href":"https:\/\/elcapitalino.vip\/index.php?rest_route=\/wp\/v2\/posts\/606\/revisions"}],"predecessor-version":[{"id":608,"href":"https:\/\/elcapitalino.vip\/index.php?rest_route=\/wp\/v2\/posts\/606\/revisions\/608"}],"wp:attachment":[{"href":"https:\/\/elcapitalino.vip\/index.php?rest_route=%2Fwp%2Fv2%2Fmedia&parent=606"}],"wp:term":[{"taxonomy":"category","embeddable":true,"href":"https:\/\/elcapitalino.vip\/index.php?rest_route=%2Fwp%2Fv2%2Fcategories&post=606"},{"taxonomy":"post_tag","embeddable":true,"href":"https:\/\/elcapitalino.vip\/index.php?rest_route=%2Fwp%2Fv2%2Ftags&post=606"}],"curies":[{"name":"wp","href":"https:\/\/api.w.org\/{rel}","templated":true}]}}