{"id":6042,"date":"2024-03-13T19:54:20","date_gmt":"2024-03-14T01:54:20","guid":{"rendered":"https:\/\/elcapitalino.vip\/?p=6042"},"modified":"2024-03-13T19:54:21","modified_gmt":"2024-03-14T01:54:21","slug":"invita-sedesa-a-participar-en-el-programa-de-prediabetes-de-la-clinica-especializada-iztapalapa-martibatres-gobcdmx","status":"publish","type":"post","link":"https:\/\/elcapitalino.vip\/?p=6042","title":{"rendered":"Invita SEDESA a participar en el Programa de Prediabetes de la Cl\u00ednica Especializada Iztapalapa \/ @martibatres @GobCDMX >>>"},"content":{"rendered":"\n<p><strong>#CDMX<\/strong>.- La Secretar\u00eda de Salud de la Ciudad de M\u00e9xico (SEDESA), a trav\u00e9s de los Servicios de Salud P\u00fablica, cuenta con un programa preventivo de diabetes en la Cl\u00ednica Especializada en el Manejo Integral de la Diabetes Iztapalapa, el cual atiende de manera gratuita a personas diagnosticadas con prediabetes en la Ciudad de M\u00e9xico.<\/p>\n\n\n\n<p>El director de la Cl\u00ednica Especializada, doctor Rub\u00e9n Oswaldo Silva Tinoco, inform\u00f3 que el programa preventivo tiene una duraci\u00f3n de seis meses, en donde se brinda consulta especializada con nutri\u00f3logos, psic\u00f3logos, activaci\u00f3n f\u00edsica, as\u00ed como estudios de laboratorio y composici\u00f3n corporal.<\/p>\n\n\n\n<p>\u201cTener el diagn\u00f3stico de prediabetes es un buen momento para prevenir la enfermedad. El objetivo principal de este programa que fue puesto en marcha en 2023 es brindar atenci\u00f3n m\u00e9dica especializada con un estilo de vida saludable. Hemos atendido hasta el momento a 58 personas en este programa\u201d, afirm\u00f3 el director de la unidad m\u00e9dica.<\/p>\n\n\n\n<p>Destac\u00f3 que a las personas se les ayuda a que disminuyan su peso corporal y de esta forma abandonen el estatus de prediabetes, y a\u00f1adi\u00f3 que las personas atendidas, participan al 100 por ciento para alcanzar una vida saludable.<\/p>\n\n\n\n<p>El doctor Silva Tinoco explic\u00f3 que el diagn\u00f3stico de la diabetes viene acompa\u00f1ado de los servicios de salud por el resto de la vida, con el programa \u201cSalud en tu vida, Salud para el Bienestar\u201d; se incluye atenci\u00f3n m\u00e9dica, estudios de laboratorio, medicamentos y actividades f\u00edsicas, as\u00ed como de nutrici\u00f3n.<\/p>\n\n\n\n<p>El especialista en esta enfermedad, explic\u00f3 que entre los s\u00edntomas de la diabetes est\u00e1 el aumento de sed y la micci\u00f3n, incremento de hambre, sensaci\u00f3n de cansancio, visi\u00f3n borrosa, hormigueo en los pies o manos, p\u00e9rdida de peso sin causa aparente, y heridas que no cicatrizan.<\/p>\n\n\n\n<p><strong>#ElCapitalinoVIP<\/strong> &#8211; <a href=\"https:\/\/www.facebook.com\/ElCapitalinoVIP\/\"><strong>El Capitalino VIP<\/strong><\/a><\/p>\n","protected":false},"excerpt":{"rendered":"<p>#CDMX.- La Secretar\u00eda de Salud de la Ciudad de M\u00e9xico (SEDESA), a trav\u00e9s de los Servicios de Salud P\u00fablica, cuenta<\/p>\n","protected":false},"author":4,"featured_media":6043,"comment_status":"open","ping_status":"open","sticky":false,"template":"","format":"standard","meta":{"colormag_page_container_layout":"default_layout","colormag_page_sidebar_layout":"default_layout","rop_custom_images_group":[],"rop_custom_messages_group":[],"rop_publish_now":"yes","rop_publish_now_accounts":{"facebook_110999734738224_105959668530459":""},"rop_publish_now_history":[],"rop_publish_now_status":"pending","footnotes":""},"categories":[14],"tags":[20,29,23,26,25,24],"class_list":["post-6042","post","type-post","status-publish","format-standard","has-post-thumbnail","hentry","category-secretarias","tag-ciudad-de-mexico","tag-el-capitalino-vip","tag-enterate","tag-redes-sociales","tag-ultima-hora","tag-ultimas-noticias"],"_links":{"self":[{"href":"https:\/\/elcapitalino.vip\/index.php?rest_route=\/wp\/v2\/posts\/6042","targetHints":{"allow":["GET"]}}],"collection":[{"href":"https:\/\/elcapitalino.vip\/index.php?rest_route=\/wp\/v2\/posts"}],"about":[{"href":"https:\/\/elcapitalino.vip\/index.php?rest_route=\/wp\/v2\/types\/post"}],"author":[{"embeddable":true,"href":"https:\/\/elcapitalino.vip\/index.php?rest_route=\/wp\/v2\/users\/4"}],"replies":[{"embeddable":true,"href":"https:\/\/elcapitalino.vip\/index.php?rest_route=%2Fwp%2Fv2%2Fcomments&post=6042"}],"version-history":[{"count":1,"href":"https:\/\/elcapitalino.vip\/index.php?rest_route=\/wp\/v2\/posts\/6042\/revisions"}],"predecessor-version":[{"id":6044,"href":"https:\/\/elcapitalino.vip\/index.php?rest_route=\/wp\/v2\/posts\/6042\/revisions\/6044"}],"wp:featuredmedia":[{"embeddable":true,"href":"https:\/\/elcapitalino.vip\/index.php?rest_route=\/wp\/v2\/media\/6043"}],"wp:attachment":[{"href":"https:\/\/elcapitalino.vip\/index.php?rest_route=%2Fwp%2Fv2%2Fmedia&parent=6042"}],"wp:term":[{"taxonomy":"category","embeddable":true,"href":"https:\/\/elcapitalino.vip\/index.php?rest_route=%2Fwp%2Fv2%2Fcategories&post=6042"},{"taxonomy":"post_tag","embeddable":true,"href":"https:\/\/elcapitalino.vip\/index.php?rest_route=%2Fwp%2Fv2%2Ftags&post=6042"}],"curies":[{"name":"wp","href":"https:\/\/api.w.org\/{rel}","templated":true}]}}