{"id":6033,"date":"2024-03-11T19:39:55","date_gmt":"2024-03-12T01:39:55","guid":{"rendered":"https:\/\/elcapitalino.vip\/?p=6033"},"modified":"2024-03-11T19:39:57","modified_gmt":"2024-03-12T01:39:57","slug":"transmitira-alcaldia-iztapalapa-el-programa-en-linea-viviendo-mi-tradicion-alc_iztapalapa","status":"publish","type":"post","link":"https:\/\/elcapitalino.vip\/?p=6033","title":{"rendered":"Transmitir\u00e1 alcald\u00eda Iztapalapa el programa en l\u00ednea \u00abViviendo mi Tradici\u00f3n\u00bb \/ @Alc_Iztapalapa >>>"},"content":{"rendered":"\n<p><strong>#Iztapalapa, #CDMX<\/strong>.- No te pierdas el pr\u00f3ximo mi\u00e9rcoles 13 de marzo, a las 17:30 horas, la transmisi\u00f3n en vivo del Programa En L\u00ednea \u00abViviendo mi tradici\u00f3n: los saberes de mi pueblo, saberes que sanan\u00bb, con el tema \ud835\udddb\ud835\uddee\ud835\uddef\ud835\uddf9\ud835\uddee\ud835\uddfb\ud835\uddf1\ud835\uddfc \ud835\ude00\ud835\uddfc\ud835\uddef\ud835\uddff\ud835\uddf2 \ud835\uddf9\ud835\uddee \ud835\ude03\ud835\uddf2\ud835\ude00\ud835\ude01\ud835\uddf6\ud835\uddfa\ud835\uddf2\ud835\uddfb\ud835\ude01\ud835\uddee \ud835\ude01\ud835\uddff\ud835\uddee\ud835\uddf1\ud835\uddf6\ud835\uddf0\ud835\uddf6\ud835\uddfc\ud835\uddfb\ud835\uddee\ud835\uddf9.<\/p>\n\n\n\n<p>Tendr\u00e1n como invitada especial la Licenciada en Antropolog\u00eda y Artesana Paulina Hern\u00e1ndez Escudero. Esc\u00fachalo a trav\u00e9s del Facebook Casa de Lenguas Originarias Guillermo Bonfil Batalla y aprende sobre el tema.<\/p>\n\n\n\n<p><strong>#ElCapitalinoVIP<\/strong> &#8211; <a href=\"https:\/\/www.facebook.com\/ElCapitalinoVIP\/\"><strong>El Capitalino VIP<\/strong><\/a><\/p>\n","protected":false},"excerpt":{"rendered":"<p>#Iztapalapa, #CDMX.- No te pierdas el pr\u00f3ximo mi\u00e9rcoles 13 de marzo, a las 17:30 horas, la transmisi\u00f3n en vivo del<\/p>\n","protected":false},"author":4,"featured_media":6034,"comment_status":"open","ping_status":"open","sticky":false,"template":"","format":"standard","meta":{"colormag_page_container_layout":"default_layout","colormag_page_sidebar_layout":"default_layout","rop_custom_images_group":[],"rop_custom_messages_group":[],"rop_publish_now":"yes","rop_publish_now_accounts":{"facebook_110999734738224_105959668530459":""},"rop_publish_now_history":[],"rop_publish_now_status":"pending","footnotes":""},"categories":[11],"tags":[33,20,29,23,26,25,24],"class_list":["post-6033","post","type-post","status-publish","format-standard","has-post-thumbnail","hentry","category-alcaldias-destacadas","tag-alcaldia-iztapalapa","tag-ciudad-de-mexico","tag-el-capitalino-vip","tag-enterate","tag-redes-sociales","tag-ultima-hora","tag-ultimas-noticias"],"_links":{"self":[{"href":"https:\/\/elcapitalino.vip\/index.php?rest_route=\/wp\/v2\/posts\/6033","targetHints":{"allow":["GET"]}}],"collection":[{"href":"https:\/\/elcapitalino.vip\/index.php?rest_route=\/wp\/v2\/posts"}],"about":[{"href":"https:\/\/elcapitalino.vip\/index.php?rest_route=\/wp\/v2\/types\/post"}],"author":[{"embeddable":true,"href":"https:\/\/elcapitalino.vip\/index.php?rest_route=\/wp\/v2\/users\/4"}],"replies":[{"embeddable":true,"href":"https:\/\/elcapitalino.vip\/index.php?rest_route=%2Fwp%2Fv2%2Fcomments&post=6033"}],"version-history":[{"count":1,"href":"https:\/\/elcapitalino.vip\/index.php?rest_route=\/wp\/v2\/posts\/6033\/revisions"}],"predecessor-version":[{"id":6035,"href":"https:\/\/elcapitalino.vip\/index.php?rest_route=\/wp\/v2\/posts\/6033\/revisions\/6035"}],"wp:featuredmedia":[{"embeddable":true,"href":"https:\/\/elcapitalino.vip\/index.php?rest_route=\/wp\/v2\/media\/6034"}],"wp:attachment":[{"href":"https:\/\/elcapitalino.vip\/index.php?rest_route=%2Fwp%2Fv2%2Fmedia&parent=6033"}],"wp:term":[{"taxonomy":"category","embeddable":true,"href":"https:\/\/elcapitalino.vip\/index.php?rest_route=%2Fwp%2Fv2%2Fcategories&post=6033"},{"taxonomy":"post_tag","embeddable":true,"href":"https:\/\/elcapitalino.vip\/index.php?rest_route=%2Fwp%2Fv2%2Ftags&post=6033"}],"curies":[{"name":"wp","href":"https:\/\/api.w.org\/{rel}","templated":true}]}}