{"id":6024,"date":"2024-03-11T19:15:11","date_gmt":"2024-03-12T01:15:11","guid":{"rendered":"https:\/\/elcapitalino.vip\/?p=6024"},"modified":"2024-03-11T19:15:11","modified_gmt":"2024-03-12T01:15:11","slug":"reconoce-marti-batres-jefe-de-gobierno-de-la-ciudad-de-mexico-labor-de-11-mujeres-destacadas-martibatres-gobcdmx","status":"publish","type":"post","link":"https:\/\/elcapitalino.vip\/?p=6024","title":{"rendered":"Reconoce Mart\u00ed Batres, Jefe de Gobierno de la Ciudad de M\u00e9xico, labor de 11 mujeres destacadas \/ @martibatres @GobCDMX >>>"},"content":{"rendered":"\n<p><strong>#CDMX<\/strong>.- El Jefe de Gobierno, Mart\u00ed Batres Guadarrama, encabez\u00f3 el homenaje a 11 mujeres destacadas de la cultura, ciencia y activismo, en reconocimiento a su talento, creatividad y lucha social en \u00e1mbitos como periodismo, investigaci\u00f3n, artes y la defensa de los derechos humanos e ind\u00edgenas, en el marco del Festival \u201cTiempo de Mujeres. Festival por la Igualdad\u201d.<\/p>\n\n\n\n<p>\u201cTenemos a un conjunto de mujeres que ha influido en los cambios recientes que ha vivido nuestra naci\u00f3n, cambios que se han dado desde abajo. (&#8230;) Alguien ha afirmado que queremos reescribir la historia, pero no, no queremos reescribir la historia, solo queremos apoyar a quienes escriben y han escrito con sus actos la mitad de la historia, esa mitad que no ha sido hasta ahora suficientemente publicada. A todas las mujeres, nuestro reconocimiento\u201d, manifest\u00f3.<\/p>\n\n\n\n<p>El Jefe de Gobierno entreg\u00f3 reconocimientos a: Marcelina Bautista, luchadora por los derechos de las trabajadoras del hogar; Olimpia Coral, impulsora de la Ley Olimpia para la protecci\u00f3n de ni\u00f1as y mujeres v\u00edctimas de difusi\u00f3n de contenido \u00edntimo en internet; Beatriz Maldonado, directora de la organizaci\u00f3n Mujeres Unidas por la Libertad MUXLL, que lucha por los derechos de las mujeres privadas de la libertad; Cecilia Estrada, investigadora, periodista y activista en contra del racismo hacia la comunidad afrodescendiente en M\u00e9xico.<\/p>\n\n\n\n<p>Tambi\u00e9n a Edna Iris Hern\u00e1ndez, dedicada a la promoci\u00f3n de eventos culturales enfocados a las comunidades ind\u00edgenas y afrodescendientes; F\u00e1tima Gamboa, abogada feminista originaria de la comunidad maya, especializada en la defensa de mujeres ind\u00edgenas; Mariana D\u00edaz, abogada defensora de los derechos de las personas con discapacidad; Eugenia Le\u00f3n, por m\u00e1s de 50 a\u00f1os de trayectoria musical y 30 discos grabados; Jesusa Rodr\u00edguez, actriz, dramaturga, cantante, feminista, activista y senadora de la Rep\u00fablica mexicana; y M\u00f3nica Mayer, artista visual, pedagoga, curadora, escritora y performer feminista enfocada en la gr\u00e1fica digital, el dibujo y la pr\u00e1ctica social.<\/p>\n\n\n\n<p>As\u00ed como a Cristina Pacheco, a quien se reconoci\u00f3 en homenaje p\u00f3stumo por su trayectoria en diversos medios, como Novedades, El Sol de M\u00e9xico, El Universal, Exc\u00e9lsior y La Jornada; adem\u00e1s de programas de televisi\u00f3n como \u201cAqu\u00ed nos toc\u00f3 vivir\u201d y \u201cConversando con Cristina Pacheco\u201d.<\/p>\n\n\n\n<p><strong>#ElCapitalinoVIP<\/strong> &#8211; <a href=\"https:\/\/www.facebook.com\/ElCapitalinoVIP\/\"><strong>El Capitalino VIP<\/strong><\/a><\/p>\n","protected":false},"excerpt":{"rendered":"<p>#CDMX.- El Jefe de Gobierno, Mart\u00ed Batres Guadarrama, encabez\u00f3 el homenaje a 11 mujeres destacadas de la cultura, ciencia y<\/p>\n","protected":false},"author":4,"featured_media":6025,"comment_status":"open","ping_status":"open","sticky":false,"template":"","format":"standard","meta":{"colormag_page_container_layout":"default_layout","colormag_page_sidebar_layout":"default_layout","rop_custom_images_group":[],"rop_custom_messages_group":[],"rop_publish_now":"yes","rop_publish_now_accounts":{"facebook_110999734738224_105959668530459":""},"rop_publish_now_history":[],"rop_publish_now_status":"pending","footnotes":""},"categories":[16],"tags":[20,29,23,26,25,24],"class_list":["post-6024","post","type-post","status-publish","format-standard","has-post-thumbnail","hentry","category-ultima-hora","tag-ciudad-de-mexico","tag-el-capitalino-vip","tag-enterate","tag-redes-sociales","tag-ultima-hora","tag-ultimas-noticias"],"_links":{"self":[{"href":"https:\/\/elcapitalino.vip\/index.php?rest_route=\/wp\/v2\/posts\/6024","targetHints":{"allow":["GET"]}}],"collection":[{"href":"https:\/\/elcapitalino.vip\/index.php?rest_route=\/wp\/v2\/posts"}],"about":[{"href":"https:\/\/elcapitalino.vip\/index.php?rest_route=\/wp\/v2\/types\/post"}],"author":[{"embeddable":true,"href":"https:\/\/elcapitalino.vip\/index.php?rest_route=\/wp\/v2\/users\/4"}],"replies":[{"embeddable":true,"href":"https:\/\/elcapitalino.vip\/index.php?rest_route=%2Fwp%2Fv2%2Fcomments&post=6024"}],"version-history":[{"count":1,"href":"https:\/\/elcapitalino.vip\/index.php?rest_route=\/wp\/v2\/posts\/6024\/revisions"}],"predecessor-version":[{"id":6026,"href":"https:\/\/elcapitalino.vip\/index.php?rest_route=\/wp\/v2\/posts\/6024\/revisions\/6026"}],"wp:featuredmedia":[{"embeddable":true,"href":"https:\/\/elcapitalino.vip\/index.php?rest_route=\/wp\/v2\/media\/6025"}],"wp:attachment":[{"href":"https:\/\/elcapitalino.vip\/index.php?rest_route=%2Fwp%2Fv2%2Fmedia&parent=6024"}],"wp:term":[{"taxonomy":"category","embeddable":true,"href":"https:\/\/elcapitalino.vip\/index.php?rest_route=%2Fwp%2Fv2%2Fcategories&post=6024"},{"taxonomy":"post_tag","embeddable":true,"href":"https:\/\/elcapitalino.vip\/index.php?rest_route=%2Fwp%2Fv2%2Ftags&post=6024"}],"curies":[{"name":"wp","href":"https:\/\/api.w.org\/{rel}","templated":true}]}}