{"id":6012,"date":"2024-03-06T22:13:06","date_gmt":"2024-03-07T04:13:06","guid":{"rendered":"https:\/\/elcapitalino.vip\/?p=6012"},"modified":"2024-03-06T22:13:07","modified_gmt":"2024-03-07T04:13:07","slug":"invita-alcaldia-benito-juarez-a-descubrir-el-alma-vibrante-de-una-mujer-a-traves-de-evento-cultural-bjalcaldia","status":"publish","type":"post","link":"https:\/\/elcapitalino.vip\/?p=6012","title":{"rendered":"Invita alcald\u00eda Benito Ju\u00e1rez a descubrir el alma vibrante de una mujer a trav\u00e9s de evento cultural \/ @BJAlcaldia >>>"},"content":{"rendered":"\n<p><strong>#BenitoJu\u00e1rez, #CDMX<\/strong>.- La alcald\u00eda Benito Ju\u00e1rez invit\u00f3 a descubrir el alma vibrante de una mujer que desafi\u00f3 al destino y se convirti\u00f3 en un torbellino de\u00a0creatividad.\u00a0<\/p>\n\n\n\n<ul class=\"wp-block-list\">\n<li>BOLET\u00d3POLIS.COM y en taquilla (2hrs antes del evento)<\/li>\n\n\n\n<li>Hasta el 22 de marzo<\/li>\n\n\n\n<li>Teatro Mar\u00eda Tereza Montoya<\/li>\n<\/ul>\n\n\n\n<p><strong>#ElCapitalinoVIP<\/strong> &#8211; <a href=\"https:\/\/www.facebook.com\/ElCapitalinoVIP\/\"><strong>El Capitalino VIP<\/strong><\/a><\/p>\n","protected":false},"excerpt":{"rendered":"<p>#BenitoJu\u00e1rez, #CDMX.- La alcald\u00eda Benito Ju\u00e1rez invit\u00f3 a descubrir el alma vibrante de una mujer que desafi\u00f3 al destino y<\/p>\n","protected":false},"author":4,"featured_media":6013,"comment_status":"open","ping_status":"open","sticky":false,"template":"","format":"standard","meta":{"colormag_page_container_layout":"default_layout","colormag_page_sidebar_layout":"default_layout","rop_custom_images_group":[],"rop_custom_messages_group":[],"rop_publish_now":"yes","rop_publish_now_accounts":{"facebook_110999734738224_105959668530459":"","twitter_1547302373592371202_1547302373592371202":""},"rop_publish_now_history":[],"rop_publish_now_status":"pending","footnotes":""},"categories":[11],"tags":[20,29,23,26,25,24],"class_list":["post-6012","post","type-post","status-publish","format-standard","has-post-thumbnail","hentry","category-alcaldias-destacadas","tag-ciudad-de-mexico","tag-el-capitalino-vip","tag-enterate","tag-redes-sociales","tag-ultima-hora","tag-ultimas-noticias"],"_links":{"self":[{"href":"https:\/\/elcapitalino.vip\/index.php?rest_route=\/wp\/v2\/posts\/6012","targetHints":{"allow":["GET"]}}],"collection":[{"href":"https:\/\/elcapitalino.vip\/index.php?rest_route=\/wp\/v2\/posts"}],"about":[{"href":"https:\/\/elcapitalino.vip\/index.php?rest_route=\/wp\/v2\/types\/post"}],"author":[{"embeddable":true,"href":"https:\/\/elcapitalino.vip\/index.php?rest_route=\/wp\/v2\/users\/4"}],"replies":[{"embeddable":true,"href":"https:\/\/elcapitalino.vip\/index.php?rest_route=%2Fwp%2Fv2%2Fcomments&post=6012"}],"version-history":[{"count":1,"href":"https:\/\/elcapitalino.vip\/index.php?rest_route=\/wp\/v2\/posts\/6012\/revisions"}],"predecessor-version":[{"id":6014,"href":"https:\/\/elcapitalino.vip\/index.php?rest_route=\/wp\/v2\/posts\/6012\/revisions\/6014"}],"wp:featuredmedia":[{"embeddable":true,"href":"https:\/\/elcapitalino.vip\/index.php?rest_route=\/wp\/v2\/media\/6013"}],"wp:attachment":[{"href":"https:\/\/elcapitalino.vip\/index.php?rest_route=%2Fwp%2Fv2%2Fmedia&parent=6012"}],"wp:term":[{"taxonomy":"category","embeddable":true,"href":"https:\/\/elcapitalino.vip\/index.php?rest_route=%2Fwp%2Fv2%2Fcategories&post=6012"},{"taxonomy":"post_tag","embeddable":true,"href":"https:\/\/elcapitalino.vip\/index.php?rest_route=%2Fwp%2Fv2%2Ftags&post=6012"}],"curies":[{"name":"wp","href":"https:\/\/api.w.org\/{rel}","templated":true}]}}