{"id":5934,"date":"2024-02-23T19:37:00","date_gmt":"2024-02-24T01:37:00","guid":{"rendered":"https:\/\/elcapitalino.vip\/?p=5934"},"modified":"2024-02-23T19:37:00","modified_gmt":"2024-02-24T01:37:00","slug":"alvaro-obregon-aliada-del-medio-ambiente-ratifica-lia-limon-al-poner-en-marcha-el-colillaton-2024-lialimon-alcaldiaao","status":"publish","type":"post","link":"https:\/\/elcapitalino.vip\/?p=5934","title":{"rendered":"\u00c1lvaro Obreg\u00f3n, aliada del medio ambiente, ratifica L\u00eda Lim\u00f3n al poner en marcha el \u201cColillat\u00f3n\u201d 2024 \/ @lialimon @AlcaldiaAO >>>"},"content":{"rendered":"\n<p><strong>#\u00c1lvaroObreg\u00f3n, #CDMX<\/strong>.- En un esfuerzo por promover la conciencia ambiental y combatir la contaminaci\u00f3n, la alcaldesa de \u00c1lvaro Obreg\u00f3n, L\u00eda Lim\u00f3n, ratific\u00f3 el compromiso de la alcald\u00eda con la conservaci\u00f3n y el mejoramiento del medio ambiente al poner en marcha el \u201cColillat\u00f3n\u201d 2024 en colaboraci\u00f3n con la empresa ECOFILTER M\u00c9XICO.<\/p>\n\n\n\n<p>El objetivo de esta iniciativa es recolectar colillas de cigarro de espacios p\u00fablicos, ya que cada una contiene m\u00e1s de 7 mil sustancias t\u00f3xicas que da\u00f1an la salud y contaminan el suelo, el agua, la fauna y la flora.<\/p>\n\n\n\n<p>\u201cEl Colillat\u00f3n que hoy se realiza forma parte de las acciones conjuntas entre la alcald\u00eda y ECOFILTER a fin de sumar esfuerzos y coadyuvar en la concientizaci\u00f3n ambiental que tienen los residuos del tabaco sobre nuestras comunidades\u201d, afirm\u00f3 la alcaldesa.<\/p>\n\n\n\n<p>En el primer Colillat\u00f3n, que tuvo lugar en octubre de 2022, se recolectaron 18 mil colillas de cigarro, equivalentes a 8 kilos de residuos, evitando as\u00ed la contaminaci\u00f3n de m\u00e1s de 1 mill\u00f3n de litros de agua dulce. Adem\u00e1s, con cada tonelada de colillas que se acopia y se procesa, se impide la tala de 14 \u00e1rboles.<\/p>\n\n\n\n<p>Al agradecer a Paola Alejandra Garro, ejecutiva de ECOFILTER, por la colaboraci\u00f3n de la empresa en estas acciones, L\u00eda Lim\u00f3n destac\u00f3 la importancia de trabajar de la mano con la sociedad civil y el sector privado para cuidar el medio ambiente de \u00c1lvaro Obreg\u00f3n.<\/p>\n\n\n\n<p><strong>#ElCapitalinoVIP<\/strong> &#8211; <a href=\"https:\/\/www.facebook.com\/ElCapitalinoVIP\/\"><strong>El Capitalino VIP<\/strong><\/a><\/p>\n","protected":false},"excerpt":{"rendered":"<p>#\u00c1lvaroObreg\u00f3n, #CDMX.- En un esfuerzo por promover la conciencia ambiental y combatir la contaminaci\u00f3n, la alcaldesa de \u00c1lvaro Obreg\u00f3n, L\u00eda<\/p>\n","protected":false},"author":4,"featured_media":5935,"comment_status":"open","ping_status":"open","sticky":false,"template":"","format":"standard","meta":{"colormag_page_container_layout":"default_layout","colormag_page_sidebar_layout":"default_layout","rop_custom_images_group":[],"rop_custom_messages_group":[],"rop_publish_now":"yes","rop_publish_now_accounts":{"facebook_110999734738224_105959668530459":"","twitter_1547302373592371202_1547302373592371202":""},"rop_publish_now_history":[],"rop_publish_now_status":"pending","footnotes":""},"categories":[8],"tags":[18,20,29,23,17,26,25,24],"class_list":["post-5934","post","type-post","status-publish","format-standard","has-post-thumbnail","hentry","category-alcaldesas","tag-alcaldia-alvaro-obregon","tag-ciudad-de-mexico","tag-el-capitalino-vip","tag-enterate","tag-lia-limon-garcia","tag-redes-sociales","tag-ultima-hora","tag-ultimas-noticias"],"_links":{"self":[{"href":"https:\/\/elcapitalino.vip\/index.php?rest_route=\/wp\/v2\/posts\/5934","targetHints":{"allow":["GET"]}}],"collection":[{"href":"https:\/\/elcapitalino.vip\/index.php?rest_route=\/wp\/v2\/posts"}],"about":[{"href":"https:\/\/elcapitalino.vip\/index.php?rest_route=\/wp\/v2\/types\/post"}],"author":[{"embeddable":true,"href":"https:\/\/elcapitalino.vip\/index.php?rest_route=\/wp\/v2\/users\/4"}],"replies":[{"embeddable":true,"href":"https:\/\/elcapitalino.vip\/index.php?rest_route=%2Fwp%2Fv2%2Fcomments&post=5934"}],"version-history":[{"count":1,"href":"https:\/\/elcapitalino.vip\/index.php?rest_route=\/wp\/v2\/posts\/5934\/revisions"}],"predecessor-version":[{"id":5936,"href":"https:\/\/elcapitalino.vip\/index.php?rest_route=\/wp\/v2\/posts\/5934\/revisions\/5936"}],"wp:featuredmedia":[{"embeddable":true,"href":"https:\/\/elcapitalino.vip\/index.php?rest_route=\/wp\/v2\/media\/5935"}],"wp:attachment":[{"href":"https:\/\/elcapitalino.vip\/index.php?rest_route=%2Fwp%2Fv2%2Fmedia&parent=5934"}],"wp:term":[{"taxonomy":"category","embeddable":true,"href":"https:\/\/elcapitalino.vip\/index.php?rest_route=%2Fwp%2Fv2%2Fcategories&post=5934"},{"taxonomy":"post_tag","embeddable":true,"href":"https:\/\/elcapitalino.vip\/index.php?rest_route=%2Fwp%2Fv2%2Ftags&post=5934"}],"curies":[{"name":"wp","href":"https:\/\/api.w.org\/{rel}","templated":true}]}}