{"id":5930,"date":"2024-02-23T19:34:17","date_gmt":"2024-02-24T01:34:17","guid":{"rendered":"https:\/\/elcapitalino.vip\/?p=5930"},"modified":"2024-02-23T19:34:17","modified_gmt":"2024-02-24T01:34:17","slug":"encuentro-deportivo-de-futbol-y-basquetbol-en-la-alcaldia-iztacalco-a_quinteromx-iztacalcoal","status":"publish","type":"post","link":"https:\/\/elcapitalino.vip\/?p=5930","title":{"rendered":"Encuentro deportivo de futbol y basquetbol en la alcald\u00eda Iztacalco \/ @A_QuinteroMX @IztacalcoAl >>>"},"content":{"rendered":"\n<p><strong>#Iztacalco, #CDMX<\/strong>.- La Alcald\u00eda Iztacalco,\u00a0a trav\u00e9s de la Coordinaci\u00f3n de Derechos Recreativos organiz\u00f3 encuentro deportivo de futbol y basquetbol en las categor\u00edas varonil y femenil, con la participaci\u00f3n de m\u00e1s de 50 equipos que disputaron torneos r\u00e1pidos, concluyendo en la premiaci\u00f3n de los tres mejores equipos de cada categor\u00eda. Con la participaci\u00f3n de 800 personas entre ni\u00f1os, j\u00f3venes y padres de familia.<\/p>\n\n\n\n<figure class=\"wp-block-image aligncenter size-large is-resized\"><img loading=\"lazy\" decoding=\"async\" width=\"1024\" height=\"768\" src=\"https:\/\/elcapitalino.vip\/wp-content\/uploads\/2024\/02\/iztac2-1-1024x768.jpg\" alt=\"\" class=\"wp-image-5931\" style=\"width:393px;height:auto\" srcset=\"https:\/\/elcapitalino.vip\/wp-content\/uploads\/2024\/02\/iztac2-1-1024x768.jpg 1024w, https:\/\/elcapitalino.vip\/wp-content\/uploads\/2024\/02\/iztac2-1-300x225.jpg 300w, https:\/\/elcapitalino.vip\/wp-content\/uploads\/2024\/02\/iztac2-1-768x576.jpg 768w, https:\/\/elcapitalino.vip\/wp-content\/uploads\/2024\/02\/iztac2-1-600x450.jpg 600w, https:\/\/elcapitalino.vip\/wp-content\/uploads\/2024\/02\/iztac2-1.jpg 1080w\" sizes=\"auto, (max-width: 1024px) 100vw, 1024px\" \/><\/figure>\n\n\n\n<p><strong>#ElCapitalinoVIP<\/strong> &#8211; <a href=\"https:\/\/www.facebook.com\/ElCapitalinoVIP\/\"><strong>El Capitalino VIP<\/strong><\/a><\/p>\n","protected":false},"excerpt":{"rendered":"<p>#Iztacalco, #CDMX.- La Alcald\u00eda Iztacalco,\u00a0a trav\u00e9s de la Coordinaci\u00f3n de Derechos Recreativos organiz\u00f3 encuentro deportivo de futbol y basquetbol en<\/p>\n","protected":false},"author":4,"featured_media":5932,"comment_status":"open","ping_status":"open","sticky":false,"template":"","format":"standard","meta":{"colormag_page_container_layout":"default_layout","colormag_page_sidebar_layout":"default_layout","rop_custom_images_group":[],"rop_custom_messages_group":[],"rop_publish_now":"yes","rop_publish_now_accounts":{"facebook_110999734738224_105959668530459":"","twitter_1547302373592371202_1547302373592371202":""},"rop_publish_now_history":[],"rop_publish_now_status":"pending","footnotes":""},"categories":[10],"tags":[20,29,23,64,26,25,24],"class_list":["post-5930","post","type-post","status-publish","format-standard","has-post-thumbnail","hentry","category-alcaldias","tag-ciudad-de-mexico","tag-el-capitalino-vip","tag-enterate","tag-iztacalco","tag-redes-sociales","tag-ultima-hora","tag-ultimas-noticias"],"_links":{"self":[{"href":"https:\/\/elcapitalino.vip\/index.php?rest_route=\/wp\/v2\/posts\/5930","targetHints":{"allow":["GET"]}}],"collection":[{"href":"https:\/\/elcapitalino.vip\/index.php?rest_route=\/wp\/v2\/posts"}],"about":[{"href":"https:\/\/elcapitalino.vip\/index.php?rest_route=\/wp\/v2\/types\/post"}],"author":[{"embeddable":true,"href":"https:\/\/elcapitalino.vip\/index.php?rest_route=\/wp\/v2\/users\/4"}],"replies":[{"embeddable":true,"href":"https:\/\/elcapitalino.vip\/index.php?rest_route=%2Fwp%2Fv2%2Fcomments&post=5930"}],"version-history":[{"count":1,"href":"https:\/\/elcapitalino.vip\/index.php?rest_route=\/wp\/v2\/posts\/5930\/revisions"}],"predecessor-version":[{"id":5933,"href":"https:\/\/elcapitalino.vip\/index.php?rest_route=\/wp\/v2\/posts\/5930\/revisions\/5933"}],"wp:featuredmedia":[{"embeddable":true,"href":"https:\/\/elcapitalino.vip\/index.php?rest_route=\/wp\/v2\/media\/5932"}],"wp:attachment":[{"href":"https:\/\/elcapitalino.vip\/index.php?rest_route=%2Fwp%2Fv2%2Fmedia&parent=5930"}],"wp:term":[{"taxonomy":"category","embeddable":true,"href":"https:\/\/elcapitalino.vip\/index.php?rest_route=%2Fwp%2Fv2%2Fcategories&post=5930"},{"taxonomy":"post_tag","embeddable":true,"href":"https:\/\/elcapitalino.vip\/index.php?rest_route=%2Fwp%2Fv2%2Ftags&post=5930"}],"curies":[{"name":"wp","href":"https:\/\/api.w.org\/{rel}","templated":true}]}}