{"id":5875,"date":"2024-02-19T18:43:36","date_gmt":"2024-02-20T00:43:36","guid":{"rendered":"https:\/\/elcapitalino.vip\/?p=5875"},"modified":"2024-02-19T18:43:37","modified_gmt":"2024-02-20T00:43:37","slug":"desmontaje-de-trabes-renivelacion-linea-9-del-metro-martibatres-gobcdmx","status":"publish","type":"post","link":"https:\/\/elcapitalino.vip\/?p=5875","title":{"rendered":"Desmontaje de trabes Renivelaci\u00f3n L\u00ednea 9 del Metro \/ @martibatres @GobCDMX >>>"},"content":{"rendered":"\n<p><strong>#CDMX<\/strong>.- La Direcci\u00f3n General de Obras para el Transporte (DGOT), de la Secretar\u00eda de Obras y Servicios (SOBSE), informa que como parte de los trabajos de renivelaci\u00f3n de v\u00edas de la cabecera sur de la L\u00ednea 9 del Sistema de Transporte Colectivo Metro, esta madrugada inici\u00f3 el desmontaje de trabes que conforman 55 metros de los 210 metros de longitud total del \u00e1rea de intervenci\u00f3n.<\/p>\n\n\n\n<p>Este 15 de febrero se llev\u00f3 a cabo el desmontaje de una trabe tipo TC-2-3, con un peso de 40 toneladas y 17 metros de longitud. Una vez concluido el desmantelamiento, la pieza fue trasladada a una planta de triturado para su reciclaje.<\/p>\n\n\n\n<p>La SOBSE agradece la comprensi\u00f3n de quienes viven y transitan en la zona, al tiempo que recuerda que para la realizaci\u00f3n de estos trabajos se implementa el confinamiento nocturno, en Eje 1 Norte esquina R\u00edo Churubusco, de las 22:00 a las 05:00 horas, hasta el 12 de abril.<\/p>\n\n\n\n<p><strong>#ElCapitalinoVIP<\/strong> &#8211; <a href=\"https:\/\/www.facebook.com\/ElCapitalinoVIP\/\"><strong>El Capitalino VIP<\/strong><\/a><\/p>\n","protected":false},"excerpt":{"rendered":"<p>#CDMX.- La Direcci\u00f3n General de Obras para el Transporte (DGOT), de la Secretar\u00eda de Obras y Servicios (SOBSE), informa que<\/p>\n","protected":false},"author":4,"featured_media":5876,"comment_status":"open","ping_status":"open","sticky":false,"template":"","format":"standard","meta":{"colormag_page_container_layout":"default_layout","colormag_page_sidebar_layout":"default_layout","rop_custom_images_group":[],"rop_custom_messages_group":[],"rop_publish_now":"yes","rop_publish_now_accounts":{"facebook_110999734738224_105959668530459":"","twitter_1547302373592371202_1547302373592371202":""},"rop_publish_now_history":[],"rop_publish_now_status":"pending","footnotes":""},"categories":[16],"tags":[80,20,29,23,21,26,25,24],"class_list":["post-5875","post","type-post","status-publish","format-standard","has-post-thumbnail","hentry","category-ultima-hora","tag-cdmx","tag-ciudad-de-mexico","tag-el-capitalino-vip","tag-enterate","tag-gobierno-de-la-ciudad-de-mexico","tag-redes-sociales","tag-ultima-hora","tag-ultimas-noticias"],"_links":{"self":[{"href":"https:\/\/elcapitalino.vip\/index.php?rest_route=\/wp\/v2\/posts\/5875","targetHints":{"allow":["GET"]}}],"collection":[{"href":"https:\/\/elcapitalino.vip\/index.php?rest_route=\/wp\/v2\/posts"}],"about":[{"href":"https:\/\/elcapitalino.vip\/index.php?rest_route=\/wp\/v2\/types\/post"}],"author":[{"embeddable":true,"href":"https:\/\/elcapitalino.vip\/index.php?rest_route=\/wp\/v2\/users\/4"}],"replies":[{"embeddable":true,"href":"https:\/\/elcapitalino.vip\/index.php?rest_route=%2Fwp%2Fv2%2Fcomments&post=5875"}],"version-history":[{"count":1,"href":"https:\/\/elcapitalino.vip\/index.php?rest_route=\/wp\/v2\/posts\/5875\/revisions"}],"predecessor-version":[{"id":5877,"href":"https:\/\/elcapitalino.vip\/index.php?rest_route=\/wp\/v2\/posts\/5875\/revisions\/5877"}],"wp:featuredmedia":[{"embeddable":true,"href":"https:\/\/elcapitalino.vip\/index.php?rest_route=\/wp\/v2\/media\/5876"}],"wp:attachment":[{"href":"https:\/\/elcapitalino.vip\/index.php?rest_route=%2Fwp%2Fv2%2Fmedia&parent=5875"}],"wp:term":[{"taxonomy":"category","embeddable":true,"href":"https:\/\/elcapitalino.vip\/index.php?rest_route=%2Fwp%2Fv2%2Fcategories&post=5875"},{"taxonomy":"post_tag","embeddable":true,"href":"https:\/\/elcapitalino.vip\/index.php?rest_route=%2Fwp%2Fv2%2Ftags&post=5875"}],"curies":[{"name":"wp","href":"https:\/\/api.w.org\/{rel}","templated":true}]}}