{"id":574,"date":"2022-01-18T13:57:44","date_gmt":"2022-01-18T19:57:44","guid":{"rendered":"http:\/\/elcapitalino.vip\/?p=574"},"modified":"2022-01-18T20:39:56","modified_gmt":"2022-01-19T02:39:56","slug":"instala-alcaldia-de-coyoacan-el-comite-del-sistema-integral-de-proteccion-a-ninas-ninos-y-adolescentes-sipinna","status":"publish","type":"post","link":"https:\/\/elcapitalino.vip\/?p=574","title":{"rendered":"Instala alcald\u00eda de Coyoac\u00e1n, el Comit\u00e9 del Sistema Integral de Protecci\u00f3n a Ni\u00f1as, Ni\u00f1os y Adolescentes (SIPINNA)"},"content":{"rendered":"\n<p><strong>#Coyoac\u00e1n<\/strong>, <strong>#CDMX<\/strong>.- El d\u00eda de hoy, la alcald\u00eda de Coyoac\u00e1n, llev\u00f3 a cabo la instalaci\u00f3n del Comit\u00e9 del Sistema Integral de Protecci\u00f3n a Ni\u00f1as, Ni\u00f1os y Adolescentes (SIPINNA), con el objetivo de fortalecer las acciones que contribuyan a preservar los derechos, la seguridad y la integridad de los ni\u00f1os.<\/p>\n\n\n\n<div class=\"wp-block-image\"><figure class=\"aligncenter size-large is-resized\"><img loading=\"lazy\" decoding=\"async\" src=\"http:\/\/elcapitalino.vip\/wp-content\/uploads\/2022\/01\/coyo2-1-1024x592.jpg\" alt=\"\" class=\"wp-image-575\" width=\"521\" height=\"301\"\/><\/figure><\/div>\n\n\n\n<p><strong>#ElCapitalinoVip<\/strong><\/p>\n","protected":false},"excerpt":{"rendered":"<p>#Coyoac\u00e1n, #CDMX.- El d\u00eda de hoy, la alcald\u00eda de Coyoac\u00e1n, llev\u00f3 a cabo la instalaci\u00f3n del Comit\u00e9 del Sistema Integral<\/p>\n","protected":false},"author":4,"featured_media":0,"comment_status":"open","ping_status":"open","sticky":false,"template":"","format":"standard","meta":{"colormag_page_container_layout":"default_layout","colormag_page_sidebar_layout":"default_layout","rop_custom_images_group":[],"rop_custom_messages_group":[],"rop_publish_now":"initial","rop_publish_now_accounts":{"facebook_110999734738224_105959668530459":""},"rop_publish_now_history":[],"rop_publish_now_status":"pending","footnotes":""},"categories":[10],"tags":[54,20,29,23,82,21,26,25,24],"class_list":["post-574","post","type-post","status-publish","format-standard","hentry","category-alcaldias","tag-alcaldia-coyoacan","tag-ciudad-de-mexico","tag-el-capitalino-vip","tag-enterate","tag-giovani-gutierrez","tag-gobierno-de-la-ciudad-de-mexico","tag-redes-sociales","tag-ultima-hora","tag-ultimas-noticias"],"_links":{"self":[{"href":"https:\/\/elcapitalino.vip\/index.php?rest_route=\/wp\/v2\/posts\/574","targetHints":{"allow":["GET"]}}],"collection":[{"href":"https:\/\/elcapitalino.vip\/index.php?rest_route=\/wp\/v2\/posts"}],"about":[{"href":"https:\/\/elcapitalino.vip\/index.php?rest_route=\/wp\/v2\/types\/post"}],"author":[{"embeddable":true,"href":"https:\/\/elcapitalino.vip\/index.php?rest_route=\/wp\/v2\/users\/4"}],"replies":[{"embeddable":true,"href":"https:\/\/elcapitalino.vip\/index.php?rest_route=%2Fwp%2Fv2%2Fcomments&post=574"}],"version-history":[{"count":2,"href":"https:\/\/elcapitalino.vip\/index.php?rest_route=\/wp\/v2\/posts\/574\/revisions"}],"predecessor-version":[{"id":585,"href":"https:\/\/elcapitalino.vip\/index.php?rest_route=\/wp\/v2\/posts\/574\/revisions\/585"}],"wp:attachment":[{"href":"https:\/\/elcapitalino.vip\/index.php?rest_route=%2Fwp%2Fv2%2Fmedia&parent=574"}],"wp:term":[{"taxonomy":"category","embeddable":true,"href":"https:\/\/elcapitalino.vip\/index.php?rest_route=%2Fwp%2Fv2%2Fcategories&post=574"},{"taxonomy":"post_tag","embeddable":true,"href":"https:\/\/elcapitalino.vip\/index.php?rest_route=%2Fwp%2Fv2%2Ftags&post=574"}],"curies":[{"name":"wp","href":"https:\/\/api.w.org\/{rel}","templated":true}]}}