{"id":5725,"date":"2024-01-22T19:27:23","date_gmt":"2024-01-23T01:27:23","guid":{"rendered":"https:\/\/elcapitalino.vip\/?p=5725"},"modified":"2024-01-22T19:27:23","modified_gmt":"2024-01-23T01:27:23","slug":"invertira-gobierno-capitalino-mas-de-19-mil-500-millones-de-pesos-en-obra-publica-durante-2024-martibatres-gobcdmx","status":"publish","type":"post","link":"https:\/\/elcapitalino.vip\/?p=5725","title":{"rendered":"Invertir\u00e1 Gobierno Capitalino m\u00e1s de 19 mil 500 millones de pesos en obra p\u00fablica durante 2024 \/ @martibatres @GobCDMX >>>"},"content":{"rendered":"\n<p><strong>#CDMX<\/strong>.- El Jefe de Gobierno, Mart\u00ed Batres Guadarrama, present\u00f3 el Programa de Obras 2024, al que se destinar\u00e1n 19 mil 570 millones de pesos (mdp) para la realizaci\u00f3n de 21 proyectos prioritarios distribuidos en siete ejes de acci\u00f3n: Ciudad de Derechos; Ciudad Sustentable; Espacio P\u00fablico; Infraestructura Vial; M\u00e1s y Mejor Movilidad; Capital Cultural de Am\u00e9rica; y Chapultepec: Naturaleza y Cultura.<\/p>\n\n\n\n<p>\u201cLa obra p\u00fablica es uno de los grandes ejes del Gobierno de la Ciudad de M\u00e9xico, estamos haciendo mucho m\u00e1s obra p\u00fablica que en la administraci\u00f3n pasada, de hecho, hay rubros donde hemos aumentado hasta un 80 por ciento la inversi\u00f3n en obra p\u00fablica. (&#8230;) Vamos a invertir en este Programa de Obras 19 mil 570 millones de pesos y nos va a ayudar este Programa de Obras a dar mejores servicios en todos los terrenos, en todos los rubros, pero tambi\u00e9n, nos va a permitir ayudar al movimiento de la econom\u00eda\u201d, expres\u00f3.<\/p>\n\n\n\n<p>Mart\u00ed Batres resalt\u00f3 la peatonalizaci\u00f3n del Z\u00f3calo capitalino y la construcci\u00f3n del Museo Vivo del Muralismo como grandes aportaciones a la vida cultural de la Ciudad de M\u00e9xico, as\u00ed como la realizaci\u00f3n de obras en colaboraci\u00f3n con el Gobierno de M\u00e9xico.<\/p>\n\n\n\n<p>\u201cEntre las obras m\u00e1s destacadas se encuentran, por ejemplo, proyectos que estamos haciendo con el Gobierno de la Rep\u00fablica como el de \u2018Chapultepec: Naturaleza y Cultura\u2019 y el Tren Interurbano \u2018El Insurgente\u2019, que son muy importantes. (&#8230;) En el caso de movilidad seguimos d\u00e1ndole mucha importancia a este rubro, est\u00e1 el Troleb\u00fas en Avenida Aztecas, que atraviesa los Pedregales de Coyoac\u00e1n; y, por supuesto, tambi\u00e9n la renivelaci\u00f3n de la L\u00ednea 9 del Metro, entre otras obras que estamos realizando\u201d, apunt\u00f3.<\/p>\n\n\n\n<p><strong>#ElCapitalinoVIP<\/strong> &#8211; <a href=\"https:\/\/www.facebook.com\/ElCapitalinoVIP\/\"><strong>El Capitalino VIP<\/strong><\/a><\/p>\n","protected":false},"excerpt":{"rendered":"<p>#CDMX.- El Jefe de Gobierno, Mart\u00ed Batres Guadarrama, present\u00f3 el Programa de Obras 2024, al que se destinar\u00e1n 19 mil<\/p>\n","protected":false},"author":4,"featured_media":5726,"comment_status":"open","ping_status":"open","sticky":false,"template":"","format":"standard","meta":{"colormag_page_container_layout":"default_layout","colormag_page_sidebar_layout":"default_layout","rop_custom_images_group":[],"rop_custom_messages_group":[],"rop_publish_now":"initial","rop_publish_now_accounts":{"facebook_110999734738224_105959668530459":""},"rop_publish_now_history":[],"rop_publish_now_status":"pending","footnotes":""},"categories":[16],"tags":[20,29,23,21,113,26,25,24],"class_list":["post-5725","post","type-post","status-publish","format-standard","has-post-thumbnail","hentry","category-ultima-hora","tag-ciudad-de-mexico","tag-el-capitalino-vip","tag-enterate","tag-gobierno-de-la-ciudad-de-mexico","tag-marti-batres","tag-redes-sociales","tag-ultima-hora","tag-ultimas-noticias"],"_links":{"self":[{"href":"https:\/\/elcapitalino.vip\/index.php?rest_route=\/wp\/v2\/posts\/5725","targetHints":{"allow":["GET"]}}],"collection":[{"href":"https:\/\/elcapitalino.vip\/index.php?rest_route=\/wp\/v2\/posts"}],"about":[{"href":"https:\/\/elcapitalino.vip\/index.php?rest_route=\/wp\/v2\/types\/post"}],"author":[{"embeddable":true,"href":"https:\/\/elcapitalino.vip\/index.php?rest_route=\/wp\/v2\/users\/4"}],"replies":[{"embeddable":true,"href":"https:\/\/elcapitalino.vip\/index.php?rest_route=%2Fwp%2Fv2%2Fcomments&post=5725"}],"version-history":[{"count":1,"href":"https:\/\/elcapitalino.vip\/index.php?rest_route=\/wp\/v2\/posts\/5725\/revisions"}],"predecessor-version":[{"id":5727,"href":"https:\/\/elcapitalino.vip\/index.php?rest_route=\/wp\/v2\/posts\/5725\/revisions\/5727"}],"wp:featuredmedia":[{"embeddable":true,"href":"https:\/\/elcapitalino.vip\/index.php?rest_route=\/wp\/v2\/media\/5726"}],"wp:attachment":[{"href":"https:\/\/elcapitalino.vip\/index.php?rest_route=%2Fwp%2Fv2%2Fmedia&parent=5725"}],"wp:term":[{"taxonomy":"category","embeddable":true,"href":"https:\/\/elcapitalino.vip\/index.php?rest_route=%2Fwp%2Fv2%2Fcategories&post=5725"},{"taxonomy":"post_tag","embeddable":true,"href":"https:\/\/elcapitalino.vip\/index.php?rest_route=%2Fwp%2Fv2%2Ftags&post=5725"}],"curies":[{"name":"wp","href":"https:\/\/api.w.org\/{rel}","templated":true}]}}