{"id":5694,"date":"2024-01-17T15:30:51","date_gmt":"2024-01-17T21:30:51","guid":{"rendered":"https:\/\/elcapitalino.vip\/?p=5694"},"modified":"2024-01-17T15:30:51","modified_gmt":"2024-01-17T21:30:51","slug":"entrega-armando-quintero-presupuestos-participativos-seran-destinados-a-fortalecer-la-seguridad-en-iztacalco-a_quinteromx-iztacalcoal","status":"publish","type":"post","link":"https:\/\/elcapitalino.vip\/?p=5694","title":{"rendered":"Entrega Armando Quintero presupuestos participativos; ser\u00e1n destinados a fortalecer la seguridad en Iztacalco \/ @A_QuinteroMX @IztacalcoAl >>>"},"content":{"rendered":"\n<p><strong>#Iztacalco, #CDMX<\/strong>.- El d\u00eda de ayer, el alcalde de Iztacalco, Armando Quintero, llev\u00f3 a cabo la entrega de presupuestos participativos en las colonias Picos, Agr\u00edcola Oriental y La Cruz. Los proyectos fueron: instalaci\u00f3n de c\u00e1maras y centro de video vigilancia vecinal; retiro de tocones, poda y tala. <\/p>\n\n\n\n<p>Estos trabajos son elegidos por los vecinos mediante votaci\u00f3n, traen grandes beneficios a la comunidad. Cada a\u00f1o el 4% del presupuesto l\u00edquido es ejercido para estas acciones. <\/p>\n\n\n\n<figure class=\"wp-block-image aligncenter size-large is-resized\"><img loading=\"lazy\" decoding=\"async\" width=\"1024\" height=\"694\" src=\"https:\/\/elcapitalino.vip\/wp-content\/uploads\/2024\/01\/iztac2-1024x694.jpg\" alt=\"\" class=\"wp-image-5695\" style=\"width:393px;height:auto\" srcset=\"https:\/\/elcapitalino.vip\/wp-content\/uploads\/2024\/01\/iztac2-1024x694.jpg 1024w, https:\/\/elcapitalino.vip\/wp-content\/uploads\/2024\/01\/iztac2-300x203.jpg 300w, https:\/\/elcapitalino.vip\/wp-content\/uploads\/2024\/01\/iztac2-768x520.jpg 768w, https:\/\/elcapitalino.vip\/wp-content\/uploads\/2024\/01\/iztac2-1536x1041.jpg 1536w, https:\/\/elcapitalino.vip\/wp-content\/uploads\/2024\/01\/iztac2-600x407.jpg 600w, https:\/\/elcapitalino.vip\/wp-content\/uploads\/2024\/01\/iztac2.jpg 1600w\" sizes=\"auto, (max-width: 1024px) 100vw, 1024px\" \/><\/figure>\n\n\n\n<p><strong>#ElCapitalinoVIP<\/strong> &#8211; <a href=\"https:\/\/www.facebook.com\/ElCapitalinoVIP\/\"><strong>El Capitalino VIP<\/strong><\/a><\/p>\n","protected":false},"excerpt":{"rendered":"<p>#Iztacalco, #CDMX.- El d\u00eda de ayer, el alcalde de Iztacalco, Armando Quintero, llev\u00f3 a cabo la entrega de presupuestos participativos<\/p>\n","protected":false},"author":4,"featured_media":5696,"comment_status":"open","ping_status":"open","sticky":false,"template":"","format":"standard","meta":{"colormag_page_container_layout":"default_layout","colormag_page_sidebar_layout":"default_layout","rop_custom_images_group":[],"rop_custom_messages_group":[],"rop_publish_now":"initial","rop_publish_now_accounts":{"facebook_110999734738224_105959668530459":""},"rop_publish_now_history":[],"rop_publish_now_status":"pending","footnotes":""},"categories":[10],"tags":[91,52,20,29,23,26,25,24],"class_list":["post-5694","post","type-post","status-publish","format-standard","has-post-thumbnail","hentry","category-alcaldias","tag-alcaldia-iztacalco","tag-armando-quintero-martinez","tag-ciudad-de-mexico","tag-el-capitalino-vip","tag-enterate","tag-redes-sociales","tag-ultima-hora","tag-ultimas-noticias"],"_links":{"self":[{"href":"https:\/\/elcapitalino.vip\/index.php?rest_route=\/wp\/v2\/posts\/5694","targetHints":{"allow":["GET"]}}],"collection":[{"href":"https:\/\/elcapitalino.vip\/index.php?rest_route=\/wp\/v2\/posts"}],"about":[{"href":"https:\/\/elcapitalino.vip\/index.php?rest_route=\/wp\/v2\/types\/post"}],"author":[{"embeddable":true,"href":"https:\/\/elcapitalino.vip\/index.php?rest_route=\/wp\/v2\/users\/4"}],"replies":[{"embeddable":true,"href":"https:\/\/elcapitalino.vip\/index.php?rest_route=%2Fwp%2Fv2%2Fcomments&post=5694"}],"version-history":[{"count":1,"href":"https:\/\/elcapitalino.vip\/index.php?rest_route=\/wp\/v2\/posts\/5694\/revisions"}],"predecessor-version":[{"id":5697,"href":"https:\/\/elcapitalino.vip\/index.php?rest_route=\/wp\/v2\/posts\/5694\/revisions\/5697"}],"wp:featuredmedia":[{"embeddable":true,"href":"https:\/\/elcapitalino.vip\/index.php?rest_route=\/wp\/v2\/media\/5696"}],"wp:attachment":[{"href":"https:\/\/elcapitalino.vip\/index.php?rest_route=%2Fwp%2Fv2%2Fmedia&parent=5694"}],"wp:term":[{"taxonomy":"category","embeddable":true,"href":"https:\/\/elcapitalino.vip\/index.php?rest_route=%2Fwp%2Fv2%2Fcategories&post=5694"},{"taxonomy":"post_tag","embeddable":true,"href":"https:\/\/elcapitalino.vip\/index.php?rest_route=%2Fwp%2Fv2%2Ftags&post=5694"}],"curies":[{"name":"wp","href":"https:\/\/api.w.org\/{rel}","templated":true}]}}