{"id":5684,"date":"2024-01-17T14:52:41","date_gmt":"2024-01-17T20:52:41","guid":{"rendered":"https:\/\/elcapitalino.vip\/?p=5684"},"modified":"2024-01-17T14:52:42","modified_gmt":"2024-01-17T20:52:42","slug":"proyecto-sembrando-ciudades-da-color-y-vida-a-la-biodiversidad-de-tijuana-montserrat4t-gobtijuanamx","status":"publish","type":"post","link":"https:\/\/elcapitalino.vip\/?p=5684","title":{"rendered":"Proyecto \u00abSembrando Ciudades\u00bb da color y vida a la biodiversidad de Tijuana \/ @Montserrat4T @gobtijuanamx >>>"},"content":{"rendered":"\n<p><strong>#Tijuana, #B.C<\/strong>.- Por instrucciones de la alcaldesa Montserrat Caballero Ram\u00edrez, el Ayuntamiento de Tijuana, a trav\u00e9s del Instituto Municipal de Planeaci\u00f3n (IMPLAN), particip\u00f3 en el proyecto \u00abSembrando Ciudades\u00bb, que busca impulsar comunidades resilientes ante el cambio clim\u00e1tico y cerr\u00f3 actividades este martes.<\/p>\n\n\n\n<p>Lo anterior, mediante la implementaci\u00f3n de proyectos demostrativos, con soluciones basadas en la naturaleza y procesos participativos que promuevan la adaptaci\u00f3n al cambio clim\u00e1tico en las comunidades.<\/p>\n\n\n\n<p>En este caso, se intervino un \u00e1rea p\u00fablica frente a las instalaciones del IMPLAN y la delegaci\u00f3n municipal Cerro Colorado, sobre calle Canad\u00e1 de la Zona R\u00edo Tercera Etapa, con murales, revegetaci\u00f3n con plantas end\u00e9micas, hotel para polinizadores, esto con ayuda de la comunidad y estudiantes del COBACHBC plantel Nueva Tijuana.<\/p>\n\n\n\n<p>La directora ejecutiva general del IMPLAN, Nora M\u00e1rquez Carvajal, detall\u00f3 en conferencia de prensa que esta iniciativa fue posible gracias a la colaboraci\u00f3n de la Secretar\u00eda de Desarrollo Agrario, Territorial y Urbano (SEDATU), el XXIV Ayuntamiento de Tijuana, el programa Comex por un M\u00e9xico Bien Hecho, la Cooperaci\u00f3n T\u00e9cnica Alemana (GIZ) en M\u00e9xico, en coordinaci\u00f3n de las asociaciones civiles Colectivo Tomate y Revive.<\/p>\n\n\n\n<p>\u00abEjercicios como \u00e9ste nos muestran el reto de construir comunidades y no solo espacios de uso, porque la ciudad de Tijuana es de todos, pero no todos quieren o pueden asumir el compromiso de hacer algo por ella; por eso proyectos as\u00ed buscan ser un detonante que construya identidad y genere acci\u00f3n ante los retos urbanos\u00bb, indic\u00f3 M\u00e1rquez Carvajal.<\/p>\n\n\n\n<p>El dispositivo en Tijuana const\u00f3 de una revegetaci\u00f3n de 31.92 metros cuadrados con especies nativas de la regi\u00f3n, como el girasol de California, el romerillo, el toloache sagrado, la flor de borrego, el coraz\u00f3n tranquilo, entre otras,<\/p>\n\n\n\n<p><strong>#ElCapitalinoVIP<\/strong> &#8211; <a href=\"https:\/\/www.facebook.com\/ElCapitalinoVIP\/\"><strong>El Capitalino VIP<\/strong><\/a><\/p>\n","protected":false},"excerpt":{"rendered":"<p>#Tijuana, #B.C.- Por instrucciones de la alcaldesa Montserrat Caballero Ram\u00edrez, el Ayuntamiento de Tijuana, a trav\u00e9s del Instituto Municipal de<\/p>\n","protected":false},"author":4,"featured_media":5685,"comment_status":"open","ping_status":"open","sticky":false,"template":"","format":"standard","meta":{"colormag_page_container_layout":"default_layout","colormag_page_sidebar_layout":"default_layout","rop_custom_images_group":[],"rop_custom_messages_group":[],"rop_publish_now":"initial","rop_publish_now_accounts":{"facebook_110999734738224_105959668530459":""},"rop_publish_now_history":[],"rop_publish_now_status":"pending","footnotes":""},"categories":[12],"tags":[90,29,23,89,101,26,25,24],"class_list":["post-5684","post","type-post","status-publish","format-standard","has-post-thumbnail","hentry","category-municipios-en-mexico","tag-ayuntamiento-de-tijuana","tag-el-capitalino-vip","tag-enterate","tag-gobierno-del-estado-de-baja-california","tag-montserrat-caballero","tag-redes-sociales","tag-ultima-hora","tag-ultimas-noticias"],"_links":{"self":[{"href":"https:\/\/elcapitalino.vip\/index.php?rest_route=\/wp\/v2\/posts\/5684","targetHints":{"allow":["GET"]}}],"collection":[{"href":"https:\/\/elcapitalino.vip\/index.php?rest_route=\/wp\/v2\/posts"}],"about":[{"href":"https:\/\/elcapitalino.vip\/index.php?rest_route=\/wp\/v2\/types\/post"}],"author":[{"embeddable":true,"href":"https:\/\/elcapitalino.vip\/index.php?rest_route=\/wp\/v2\/users\/4"}],"replies":[{"embeddable":true,"href":"https:\/\/elcapitalino.vip\/index.php?rest_route=%2Fwp%2Fv2%2Fcomments&post=5684"}],"version-history":[{"count":1,"href":"https:\/\/elcapitalino.vip\/index.php?rest_route=\/wp\/v2\/posts\/5684\/revisions"}],"predecessor-version":[{"id":5686,"href":"https:\/\/elcapitalino.vip\/index.php?rest_route=\/wp\/v2\/posts\/5684\/revisions\/5686"}],"wp:featuredmedia":[{"embeddable":true,"href":"https:\/\/elcapitalino.vip\/index.php?rest_route=\/wp\/v2\/media\/5685"}],"wp:attachment":[{"href":"https:\/\/elcapitalino.vip\/index.php?rest_route=%2Fwp%2Fv2%2Fmedia&parent=5684"}],"wp:term":[{"taxonomy":"category","embeddable":true,"href":"https:\/\/elcapitalino.vip\/index.php?rest_route=%2Fwp%2Fv2%2Fcategories&post=5684"},{"taxonomy":"post_tag","embeddable":true,"href":"https:\/\/elcapitalino.vip\/index.php?rest_route=%2Fwp%2Fv2%2Ftags&post=5684"}],"curies":[{"name":"wp","href":"https:\/\/api.w.org\/{rel}","templated":true}]}}