{"id":5622,"date":"2024-01-08T20:23:41","date_gmt":"2024-01-09T02:23:41","guid":{"rendered":"https:\/\/elcapitalino.vip\/?p=5622"},"modified":"2024-01-16T17:05:19","modified_gmt":"2024-01-16T23:05:19","slug":"recuperaiztapalapa-bajopuente-de-rio-churubusco-y-la-viga-en-beneficio-de-los-ciudadanos-clarabrugadam-alc_iztapalapa","status":"publish","type":"post","link":"https:\/\/elcapitalino.vip\/?p=5622","title":{"rendered":"Recupera Iztapalapa Bajopuente de R\u00edo Churubusco y la Viga en beneficio de los ciudadanos \/ @ClaraBrugadaM @Alc_Iztapalapa >>>"},"content":{"rendered":"\n<p><strong>#Iztapalapa, #CDMX<\/strong>.- Dentro de las acciones del programa Casa X Casa se lleva a cabo recuperaci\u00f3n del espacio p\u00fablico, como es el caso del bajopuente ubicado en Av. R\u00edo Churubusco y Calz. La Viga. Hoy, el Lic. Antonio Jim\u00e9nez Islas, encargado de despacho de la Alcald\u00eda Iztapalapa, acudi\u00f3 a supervisar los trabajos donde participan m\u00e1s de 100 trabajadores de las \u00e1reas de Obras, Servicios Urbanos y Territorial Aculco Alcald\u00eda Iztapalapa. Estas labores atienden una de las principales demandas de los vecinos de las colonias El Sif\u00f3n, Sector Popular, San Juanico Nextipac, Unidad Modelo y El Reto\u00f1o, que pronto podr\u00e1n disfrutar de una nueva \u00e1rea de esparcimiento y mejores condiciones de seguridad.<\/p>\n\n\n\n<p><strong>#ElCapitalinoVIP<\/strong> &#8211; <a href=\"https:\/\/www.facebook.com\/ElCapitalinoVIP\/\"><strong>El Capitalino VIP<\/strong><\/a><\/p>\n","protected":false},"excerpt":{"rendered":"<p>#Iztapalapa, #CDMX.- Dentro de las acciones del programa Casa X Casa se lleva a cabo recuperaci\u00f3n del espacio p\u00fablico, como<\/p>\n","protected":false},"author":4,"featured_media":5623,"comment_status":"open","ping_status":"open","sticky":false,"template":"","format":"standard","meta":{"colormag_page_container_layout":"default_layout","colormag_page_sidebar_layout":"default_layout","rop_custom_images_group":[],"rop_custom_messages_group":[],"rop_publish_now":"initial","rop_publish_now_accounts":{"facebook_110999734738224_105959668530459":""},"rop_publish_now_history":[],"rop_publish_now_status":"pending","footnotes":""},"categories":[11],"tags":[33,20,34,29,23,26,25,24],"class_list":["post-5622","post","type-post","status-publish","format-standard","has-post-thumbnail","hentry","category-alcaldias-destacadas","tag-alcaldia-iztapalapa","tag-ciudad-de-mexico","tag-clara-brugada-molina","tag-el-capitalino-vip","tag-enterate","tag-redes-sociales","tag-ultima-hora","tag-ultimas-noticias"],"_links":{"self":[{"href":"https:\/\/elcapitalino.vip\/index.php?rest_route=\/wp\/v2\/posts\/5622","targetHints":{"allow":["GET"]}}],"collection":[{"href":"https:\/\/elcapitalino.vip\/index.php?rest_route=\/wp\/v2\/posts"}],"about":[{"href":"https:\/\/elcapitalino.vip\/index.php?rest_route=\/wp\/v2\/types\/post"}],"author":[{"embeddable":true,"href":"https:\/\/elcapitalino.vip\/index.php?rest_route=\/wp\/v2\/users\/4"}],"replies":[{"embeddable":true,"href":"https:\/\/elcapitalino.vip\/index.php?rest_route=%2Fwp%2Fv2%2Fcomments&post=5622"}],"version-history":[{"count":2,"href":"https:\/\/elcapitalino.vip\/index.php?rest_route=\/wp\/v2\/posts\/5622\/revisions"}],"predecessor-version":[{"id":5625,"href":"https:\/\/elcapitalino.vip\/index.php?rest_route=\/wp\/v2\/posts\/5622\/revisions\/5625"}],"wp:featuredmedia":[{"embeddable":true,"href":"https:\/\/elcapitalino.vip\/index.php?rest_route=\/wp\/v2\/media\/5623"}],"wp:attachment":[{"href":"https:\/\/elcapitalino.vip\/index.php?rest_route=%2Fwp%2Fv2%2Fmedia&parent=5622"}],"wp:term":[{"taxonomy":"category","embeddable":true,"href":"https:\/\/elcapitalino.vip\/index.php?rest_route=%2Fwp%2Fv2%2Fcategories&post=5622"},{"taxonomy":"post_tag","embeddable":true,"href":"https:\/\/elcapitalino.vip\/index.php?rest_route=%2Fwp%2Fv2%2Ftags&post=5622"}],"curies":[{"name":"wp","href":"https:\/\/api.w.org\/{rel}","templated":true}]}}